{"id":95723,"date":"2025-03-24T19:36:42","date_gmt":"2025-03-24T19:36:42","guid":{"rendered":"http:\/\/mppee.gob.ve\/?p=95723"},"modified":"2025-03-24T19:36:44","modified_gmt":"2025-03-24T19:36:44","slug":"usuarios-residenciales-y-comerciales-sucrenses-seran-atendidos-en-jornadas-integrales","status":"publish","type":"post","link":"https:\/\/mppee.gob.ve\/?p=95723","title":{"rendered":"Usuarios residenciales y comerciales sucrenses ser\u00e1n atendidos en jornadas integrales"},"content":{"rendered":"\n<p><strong>Estado Sucre.-<\/strong> Desde este martes 25 hasta el pr\u00f3ximo s\u00e1bado 28 de marzo, la clase trabajadora de la Corporaci\u00f3n El\u00e9ctrica Nacional (Corpoelec), realizar\u00e1 jornadas integrales para atender a usuarios del estado Sucre, con el objetivo de facilitar gesti\u00f3n de pagos, actualizaci\u00f3n de datos y notificaci\u00f3n de deudas en diversas urbanizaciones y comercios.<\/p>\n\n\n\n<p>La atenci\u00f3n se efectuar\u00e1 en un horario comprendido desde las 09:00 de la ma\u00f1ana hasta las 02:00 de la tarde, en los siguientes puntos:<\/p>\n\n\n\n<p>&#8211; Martes 25 de marzo: Urbanizaci\u00f3n Salvador Allende, municipio Sucre.<\/p>\n\n\n\n<p>&#8211; Mi\u00e9rcoles 26 de marzo: Urbanizaci\u00f3n Berm\u00fadez de la ciudad de Cuman\u00e1.<\/p>\n\n\n\n<p>&#8211; Jueves 27 de marzo: Urbanizaci\u00f3n Residencias Country Club, municipio Sucre.<\/p>\n\n\n\n<p>Igualmente, se desplegar\u00e1n jornadas dirigidas a los comercios el jueves 27 y viernes 28 de marzo, a partir de las 04:00 de la tarde hasta las 08:00 de la noche.<\/p>\n\n\n\n<p>Mientras que, el d\u00eda s\u00e1bado 29, desde las 08:30 de la ma\u00f1ana hasta las 03:00 de la tarde, los puntos estar\u00e1n ubicados en:<\/p>\n\n\n\n<p>&#8211; Ciudad de Cuman\u00e1, municipio Sucre.<\/p>\n\n\n\n<p>&#8211; Poblado de Santa Fe, municipio Sucre.<\/p>\n\n\n\n<p>&#8211; Ciudad de Car\u00fapano, municipio Berm\u00fadez.<\/p>\n\n\n\n<p>&#8211; Ciudad de Cariaco, municipio Ribero.<\/p>\n\n\n\n<p>&#8211; Ciudad de Marig\u00fcitar, municipio Bol\u00edvar.<\/p>\n\n\n\n<p>&#8211; Ciudad de Cumanacoa, municipio Montes.<\/p>\n\n\n\n<p>&#8211; Ciudad de Casanay, municipio Andr\u00e9s Eloy Blanco.<\/p>\n\n\n\n<p>&#8211; Ciudad de G\u00fciria, municipio Valdez.<\/p>\n\n\n\n<p>&#8211; Ciudad de Araya, municipio Cruz Salmer\u00f3n Acosta.<\/p>\n\n\n\n<p>Para mayor informaci\u00f3n sobre las Jornadas Integrales de Atenci\u00f3n al Usuario, puede dirigirse a la cuenta @corpoelecinfo en la red social de Instagram.<\/p>\n\n\n\n<p><strong>Prensa MPPEE-Corpoelec<\/strong><\/p>\n\n\n\n<p><\/p>\n","protected":false},"excerpt":{"rendered":"<p>Estado Sucre.- Desde este martes 25 hasta el pr\u00f3ximo s\u00e1bado 28 de marzo, la clase trabajadora de la Corporaci\u00f3n El\u00e9ctrica<\/p>\n","protected":false},"author":24,"featured_media":95724,"comment_status":"closed","ping_status":"closed","sticky":false,"template":"","format":"standard","meta":{"footnotes":""},"categories":[30],"tags":[2691,2802,11,2744,2693,46],"class_list":["post-95723","post","type-post","status-publish","format-standard","has-post-thumbnail","hentry","category-regionales","tag-corpoelec","tag-jornada-de-atencion","tag-mppee","tag-sen","tag-sucre","tag-venezuela"],"_links":{"self":[{"href":"https:\/\/mppee.gob.ve\/index.php?rest_route=\/wp\/v2\/posts\/95723","targetHints":{"allow":["GET"]}}],"collection":[{"href":"https:\/\/mppee.gob.ve\/index.php?rest_route=\/wp\/v2\/posts"}],"about":[{"href":"https:\/\/mppee.gob.ve\/index.php?rest_route=\/wp\/v2\/types\/post"}],"author":[{"embeddable":true,"href":"https:\/\/mppee.gob.ve\/index.php?rest_route=\/wp\/v2\/users\/24"}],"replies":[{"embeddable":true,"href":"https:\/\/mppee.gob.ve\/index.php?rest_route=%2Fwp%2Fv2%2Fcomments&post=95723"}],"version-history":[{"count":1,"href":"https:\/\/mppee.gob.ve\/index.php?rest_route=\/wp\/v2\/posts\/95723\/revisions"}],"predecessor-version":[{"id":95725,"href":"https:\/\/mppee.gob.ve\/index.php?rest_route=\/wp\/v2\/posts\/95723\/revisions\/95725"}],"wp:featuredmedia":[{"embeddable":true,"href":"https:\/\/mppee.gob.ve\/index.php?rest_route=\/wp\/v2\/media\/95724"}],"wp:attachment":[{"href":"https:\/\/mppee.gob.ve\/index.php?rest_route=%2Fwp%2Fv2%2Fmedia&parent=95723"}],"wp:term":[{"taxonomy":"category","embeddable":true,"href":"https:\/\/mppee.gob.ve\/index.php?rest_route=%2Fwp%2Fv2%2Fcategories&post=95723"},{"taxonomy":"post_tag","embeddable":true,"href":"https:\/\/mppee.gob.ve\/index.php?rest_route=%2Fwp%2Fv2%2Ftags&post=95723"}],"curies":[{"name":"wp","href":"https:\/\/api.w.org\/{rel}","templated":true}]}}