{"id":95776,"date":"2025-03-26T15:02:17","date_gmt":"2025-03-26T15:02:17","guid":{"rendered":"http:\/\/mppee.gob.ve\/?p=95776"},"modified":"2025-03-26T15:02:19","modified_gmt":"2025-03-26T15:02:19","slug":"yaracuyanos-seran-atendidos-en-jornada-integral-al-usuario","status":"publish","type":"post","link":"https:\/\/mppee.gob.ve\/?p=95776","title":{"rendered":"Yaracuyanos ser\u00e1n atendidos en Jornada Integral al Usuario"},"content":{"rendered":"\n<p><strong>Estado Yaracuy.-\u00a0 <\/strong>Este jueves 27 y viernes 28 de marzo, la Corporaci\u00f3n El\u00e9ctrica Nacional (Corpoelec) llevar\u00e1 a cabo Jornadas Integrales de Atenci\u00f3n en los municipios San Felipe, Bruzual, Bol\u00edvar, Pe\u00f1a y Urachiche del estado Yaracuy.<\/p>\n\n\n\n<p>Los usuarios yaracuyanos recibir\u00e1n asistencia personalizada y notificaciones de deuda, adem\u00e1s de actualizar datos y cumplir con el pago de sus facturas a trav\u00e9s del punto de venta, como \u00fanico m\u00e9todo autorizado para cancelar.<\/p>\n\n\n\n<p>El personal especializado de Corpoelec, estar\u00e1n atendiendo en el horario comprendido desde las 8:30 de la ma\u00f1ana hasta las 03:00 de la tarde.<\/p>\n\n\n\n<p>Estas son las direcciones de los Centros Integrales de Atenci\u00f3n al Usuario (CIAU) que atender\u00e1n a los usuarios:<\/p>\n\n\n\n<p>&#8211; Centro Comercial Aracoi C.A, avenida La Patria con avenida 2, frente al terminal urbano Domingo Aponte Barrios. San Felipe.<\/p>\n\n\n\n<p>&#8211; Avenida Trocadero entre carrera 14 y calle de servicio, edificio Zona Yaritagua, municipio Pe\u00f1a.<\/p>\n\n\n\n<p>&#8211; Sector Casa de Tejas, frente al Ateneo de Aroa, municipio Bol\u00edvar.<\/p>\n\n\n\n<p>&#8211; Calle 7 esquina avenida 8, sector La Pe\u00f1ita, Casco Central Chivacoa, municipio Bruzual.<\/p>\n\n\n\n<p>&#8211; Calle 7 entre carreras 2 y 3, Mini Centro Comercial Juana Paula, municipio Urachiche.<\/p>\n\n\n\n<p>Es importante destacar que, el m\u00e9todo de pago autorizado ser\u00e1 a trav\u00e9s de punto de venta.<\/p>\n\n\n\n<p>Para mayor informaci\u00f3n sobre las Jornadas Integrales de Atenci\u00f3n al Usuario, pueden visitar la cuenta @corpoelecinfo en la red social Instagram.<\/p>\n\n\n\n<p><strong>Prensa MPPEE-Corpoelec<\/strong><\/p>\n\n\n\n<p><\/p>\n","protected":false},"excerpt":{"rendered":"<p>Estado Yaracuy.-\u00a0 Este jueves 27 y viernes 28 de marzo, la Corporaci\u00f3n El\u00e9ctrica Nacional (Corpoelec) llevar\u00e1 a cabo Jornadas Integrales<\/p>\n","protected":false},"author":24,"featured_media":95777,"comment_status":"closed","ping_status":"closed","sticky":false,"template":"","format":"standard","meta":{"footnotes":""},"categories":[30],"tags":[2691,11,2744,46,2726],"class_list":["post-95776","post","type-post","status-publish","format-standard","has-post-thumbnail","hentry","category-regionales","tag-corpoelec","tag-mppee","tag-sen","tag-venezuela","tag-yaracuy"],"_links":{"self":[{"href":"https:\/\/mppee.gob.ve\/index.php?rest_route=\/wp\/v2\/posts\/95776","targetHints":{"allow":["GET"]}}],"collection":[{"href":"https:\/\/mppee.gob.ve\/index.php?rest_route=\/wp\/v2\/posts"}],"about":[{"href":"https:\/\/mppee.gob.ve\/index.php?rest_route=\/wp\/v2\/types\/post"}],"author":[{"embeddable":true,"href":"https:\/\/mppee.gob.ve\/index.php?rest_route=\/wp\/v2\/users\/24"}],"replies":[{"embeddable":true,"href":"https:\/\/mppee.gob.ve\/index.php?rest_route=%2Fwp%2Fv2%2Fcomments&post=95776"}],"version-history":[{"count":1,"href":"https:\/\/mppee.gob.ve\/index.php?rest_route=\/wp\/v2\/posts\/95776\/revisions"}],"predecessor-version":[{"id":95778,"href":"https:\/\/mppee.gob.ve\/index.php?rest_route=\/wp\/v2\/posts\/95776\/revisions\/95778"}],"wp:featuredmedia":[{"embeddable":true,"href":"https:\/\/mppee.gob.ve\/index.php?rest_route=\/wp\/v2\/media\/95777"}],"wp:attachment":[{"href":"https:\/\/mppee.gob.ve\/index.php?rest_route=%2Fwp%2Fv2%2Fmedia&parent=95776"}],"wp:term":[{"taxonomy":"category","embeddable":true,"href":"https:\/\/mppee.gob.ve\/index.php?rest_route=%2Fwp%2Fv2%2Fcategories&post=95776"},{"taxonomy":"post_tag","embeddable":true,"href":"https:\/\/mppee.gob.ve\/index.php?rest_route=%2Fwp%2Fv2%2Ftags&post=95776"}],"curies":[{"name":"wp","href":"https:\/\/api.w.org\/{rel}","templated":true}]}}