{"id":95809,"date":"2025-03-27T00:31:57","date_gmt":"2025-03-27T00:31:57","guid":{"rendered":"http:\/\/mppee.gob.ve\/?p=95809"},"modified":"2025-03-27T00:31:58","modified_gmt":"2025-03-27T00:31:58","slug":"activan-el-sistema-teleferico-urbano-trolcable-en-merida","status":"publish","type":"post","link":"https:\/\/mppee.gob.ve\/?p=95809","title":{"rendered":"Activan el Sistema Telef\u00e9rico Urbano Trolcable en M\u00e9rida"},"content":{"rendered":"\n<p><strong>Parroquia El Llano, estado M\u00e9rida.- <\/strong>Para favorecer a 18 mil habitantes de distintas comunidades meride\u00f1as, este mi\u00e9rcoles, se realiz\u00f3 la reapertura del Sistema Telef\u00e9rico Urbano Trolcable, ubicado en la parroquia El Llano de la entidad andina.<\/p>\n\n\n\n<p>Durante una jornada de Mi\u00e9rcoles de Obras para el pueblo, en el contexto del despliegue de la 2T: Ciudades Humanas para el Buen Vivir, Servicios P\u00fablicos e Infraestructura, el presidente de la Rep\u00fablica, Nicol\u00e1s Maduro Moros, destac\u00f3 que este sistema de transporte urbano, permite a los habitantes trasladarse desde el centro de M\u00e9rida hacia el sector San Jacinto de la Cuenca del Chama.<\/p>\n\n\n\n<p>El Dignatario record\u00f3 que esta obra estuvo paralizada debido a \u201cla persecuci\u00f3n econ\u00f3mica y toda la maldad de la gente perversa y diab\u00f3lica (\u2026) se nos hab\u00eda afectado en su funcionamiento, pero yo siempre digo: Con amor, con dedicaci\u00f3n, con buen m\u00e9todo, con inteligencia, todo se puede\u201d.<\/p>\n\n\n\n<p>Por su parte, el ministro del Poder Popular para el Transporte, Ram\u00f3n Vel\u00e1squez Araguay\u00e1n, explic\u00f3 que el reimpulso de este sistema de transporte urbano contempl\u00f3 el cambio del cable tractor, reemplazo de un kil\u00f3metro de guaya y cambio de todas las correas de las cabinas, trabajos ejecutados plenamente por mano de obra venezolana.<\/p>\n\n\n\n<p>Araguay\u00e1n igualmente detall\u00f3 que se realiz\u00f3 el cambio al rodamiento del sistema motriz y del motor principal, adem\u00e1s de ejecutarse un mantenimiento integro, cumpliendo con las normativas vigentes para este tipo de estructuras.<\/p>\n\n\n\n<p>El Ministro pormenoriz\u00f3 que las labores tambi\u00e9n contemplaron la revisi\u00f3n general de todas las instalaciones y sistemas de generaci\u00f3n el\u00e9ctrica de emergencia.<\/p>\n\n\n\n<p><strong>Habla la comunidad<\/strong><\/p>\n\n\n\n<p>La recuperaci\u00f3n de este sistema de transporte representa una obra de gran importancia para la comunidad meride\u00f1a. Al respecto, Marilin Dugarte, representante del Poder Popular, agradeci\u00f3 la reposici\u00f3n de este servicio urbano, pues favorece a los habitantes de la parroquia El Llano.<\/p>\n\n\n\n<p>\u201cGracias a la mano de obra meride\u00f1a esto nos va a facilitar el traslado a nuestros trabajos, pues reduce el tiempo de llegada a distintos lugares\u201d, apunt\u00f3.<\/p>\n\n\n\n<p><strong>Trabajos en Caracas<\/strong><\/p>\n\n\n\n<p>La rehabilitaci\u00f3n de los sistemas de transporte \u201cse est\u00e1 replicando en la Gran Caracas\u201d, inform\u00f3 el ministro Araguay\u00e1n al enfatizar que uno de los frentes de trabajo se ha desplegado en el Metro de Caracas, as\u00ed como tambi\u00e9n hay cuadrillas de mantenimiento atendiendo el Metrocable de Mariche, el Metrocable San Agust\u00edn.<\/p>\n\n\n\n<p>\u201cVayamos paso a paso, hay muchas obras, me compromet\u00ed y cumplimos (\u2026) Esto no es un tema de un hombre, es un pueblo que est\u00e1 decidido a construir su futuro contra viento y marea, llueva, truene o relampaguee, ese futuro lo vamos a conquistar, lo vamos a construir, lo vamos a vivir en paz, en libertad, con la m\u00e1xima felicidad social\u201d, afirm\u00f3 el presidente Maduro.<\/p>\n\n\n\n<p><strong>Prensa MPPEE-Corpoelec \/ Joelin Jim\u00e9nez<\/strong><\/p>\n","protected":false},"excerpt":{"rendered":"<p>Parroquia El Llano, estado M\u00e9rida.- Para favorecer a 18 mil habitantes de distintas comunidades meride\u00f1as, este mi\u00e9rcoles, se realiz\u00f3 la<\/p>\n","protected":false},"author":24,"featured_media":95817,"comment_status":"closed","ping_status":"closed","sticky":false,"template":"","format":"standard","meta":{"footnotes":""},"categories":[30],"tags":[2742,2920,2955],"class_list":["post-95809","post","type-post","status-publish","format-standard","has-post-thumbnail","hentry","category-regionales","tag-merida","tag-teleferico","tag-trolcable"],"_links":{"self":[{"href":"https:\/\/mppee.gob.ve\/index.php?rest_route=\/wp\/v2\/posts\/95809","targetHints":{"allow":["GET"]}}],"collection":[{"href":"https:\/\/mppee.gob.ve\/index.php?rest_route=\/wp\/v2\/posts"}],"about":[{"href":"https:\/\/mppee.gob.ve\/index.php?rest_route=\/wp\/v2\/types\/post"}],"author":[{"embeddable":true,"href":"https:\/\/mppee.gob.ve\/index.php?rest_route=\/wp\/v2\/users\/24"}],"replies":[{"embeddable":true,"href":"https:\/\/mppee.gob.ve\/index.php?rest_route=%2Fwp%2Fv2%2Fcomments&post=95809"}],"version-history":[{"count":1,"href":"https:\/\/mppee.gob.ve\/index.php?rest_route=\/wp\/v2\/posts\/95809\/revisions"}],"predecessor-version":[{"id":95810,"href":"https:\/\/mppee.gob.ve\/index.php?rest_route=\/wp\/v2\/posts\/95809\/revisions\/95810"}],"wp:featuredmedia":[{"embeddable":true,"href":"https:\/\/mppee.gob.ve\/index.php?rest_route=\/wp\/v2\/media\/95817"}],"wp:attachment":[{"href":"https:\/\/mppee.gob.ve\/index.php?rest_route=%2Fwp%2Fv2%2Fmedia&parent=95809"}],"wp:term":[{"taxonomy":"category","embeddable":true,"href":"https:\/\/mppee.gob.ve\/index.php?rest_route=%2Fwp%2Fv2%2Fcategories&post=95809"},{"taxonomy":"post_tag","embeddable":true,"href":"https:\/\/mppee.gob.ve\/index.php?rest_route=%2Fwp%2Fv2%2Ftags&post=95809"}],"curies":[{"name":"wp","href":"https:\/\/api.w.org\/{rel}","templated":true}]}}