{"id":95856,"date":"2025-03-28T14:31:07","date_gmt":"2025-03-28T14:31:07","guid":{"rendered":"http:\/\/mppee.gob.ve\/?p=95856"},"modified":"2025-03-28T14:31:08","modified_gmt":"2025-03-28T14:31:08","slug":"corpoelec-brindara-jornadas-integrales-de-atencion-a-usuarios-mirandinos","status":"publish","type":"post","link":"https:\/\/mppee.gob.ve\/?p=95856","title":{"rendered":"Corpoelec brindar\u00e1 Jornadas Integrales de Atenci\u00f3n a Usuarios mirandinos"},"content":{"rendered":"\n<p><strong>Estado Miranda.-<\/strong> La Corporaci\u00f3n El\u00e9ctrica Nacional (Corpoelec) brindar\u00e1 Jornadas Integrales de Atenci\u00f3n al Usuario, este s\u00e1bado 29 de marzo, en los municipios Guaicaipuro, Los Salias y Plaza del estado Miranda, en el horario comprendido desde las 09:00 de la ma\u00f1ana hasta las 02:00 de la tarde.<\/p>\n\n\n\n<p>Los trabajadores y trabajadoras adscritas a la Gerencia de Comercializaci\u00f3n ofrecer\u00e1n atenci\u00f3n personalizada para realizar procesos de actualizaci\u00f3n de datos, notificaci\u00f3n de deuda y pago de facturas a trav\u00e9s de puntos de ventas.<\/p>\n\n\n\n<p>Los puntos de atenci\u00f3n integral al usuario residencial y comercial, estar\u00e1n ubicados en los siguientes centros comerciales:<\/p>\n\n\n\n<p>&#8211; Libador, planta baja, Casco Central de Paracotos, municipio Guaicaipuro.<\/p>\n\n\n\n<p>&#8211; Galer\u00edas, Las Am\u00e9ricas, piso 1, carretera Panamericana kil\u00f3metro 15, municipio Los Salias.<\/p>\n\n\n\n<p>&#8211; Luz El\u00e9ctrica, calle Miquilen, piso 2, municipio Guaicaipuro.<\/p>\n\n\n\n<p>&#8211; San Nicol\u00e1s de Bari, Urbanizaci\u00f3n Nueva Casarapa, Guarenas, municipio Plaza.<\/p>\n\n\n\n<p>Para mayor informaci\u00f3n sobre las Jornadas Integrales de Atenci\u00f3n al Usuario, puede visitar la cuenta @corpoelecinfo en la red social Instagram.<\/p>\n\n\n\n<p><strong>Prensa MPPEE-Corpoelec<\/strong><\/p>\n","protected":false},"excerpt":{"rendered":"<p>Estado Miranda.- La Corporaci\u00f3n El\u00e9ctrica Nacional (Corpoelec) brindar\u00e1 Jornadas Integrales de Atenci\u00f3n al Usuario, este s\u00e1bado 29 de marzo, en<\/p>\n","protected":false},"author":24,"featured_media":95771,"comment_status":"closed","ping_status":"closed","sticky":false,"template":"","format":"standard","meta":{"footnotes":""},"categories":[30],"tags":[2691,2959,2709,11,2744,46],"class_list":["post-95856","post","type-post","status-publish","format-standard","has-post-thumbnail","hentry","category-regionales","tag-corpoelec","tag-jornada-integral-de-atencion-al-usuario","tag-miranda","tag-mppee","tag-sen","tag-venezuela"],"_links":{"self":[{"href":"https:\/\/mppee.gob.ve\/index.php?rest_route=\/wp\/v2\/posts\/95856","targetHints":{"allow":["GET"]}}],"collection":[{"href":"https:\/\/mppee.gob.ve\/index.php?rest_route=\/wp\/v2\/posts"}],"about":[{"href":"https:\/\/mppee.gob.ve\/index.php?rest_route=\/wp\/v2\/types\/post"}],"author":[{"embeddable":true,"href":"https:\/\/mppee.gob.ve\/index.php?rest_route=\/wp\/v2\/users\/24"}],"replies":[{"embeddable":true,"href":"https:\/\/mppee.gob.ve\/index.php?rest_route=%2Fwp%2Fv2%2Fcomments&post=95856"}],"version-history":[{"count":1,"href":"https:\/\/mppee.gob.ve\/index.php?rest_route=\/wp\/v2\/posts\/95856\/revisions"}],"predecessor-version":[{"id":95857,"href":"https:\/\/mppee.gob.ve\/index.php?rest_route=\/wp\/v2\/posts\/95856\/revisions\/95857"}],"wp:featuredmedia":[{"embeddable":true,"href":"https:\/\/mppee.gob.ve\/index.php?rest_route=\/wp\/v2\/media\/95771"}],"wp:attachment":[{"href":"https:\/\/mppee.gob.ve\/index.php?rest_route=%2Fwp%2Fv2%2Fmedia&parent=95856"}],"wp:term":[{"taxonomy":"category","embeddable":true,"href":"https:\/\/mppee.gob.ve\/index.php?rest_route=%2Fwp%2Fv2%2Fcategories&post=95856"},{"taxonomy":"post_tag","embeddable":true,"href":"https:\/\/mppee.gob.ve\/index.php?rest_route=%2Fwp%2Fv2%2Ftags&post=95856"}],"curies":[{"name":"wp","href":"https:\/\/api.w.org\/{rel}","templated":true}]}}