{"id":95860,"date":"2025-03-28T15:34:41","date_gmt":"2025-03-28T15:34:41","guid":{"rendered":"http:\/\/mppee.gob.ve\/?p=95860"},"modified":"2025-03-28T15:34:42","modified_gmt":"2025-03-28T15:34:42","slug":"desplegaran-jornada-de-atencion-a-usuarios-cojedenos","status":"publish","type":"post","link":"https:\/\/mppee.gob.ve\/?p=95860","title":{"rendered":"Desplegar\u00e1n jornada de atenci\u00f3n a usuarios cojede\u00f1os"},"content":{"rendered":"\n<p><strong>Estado Cojedes.-<\/strong> Este s\u00e1bado 29 de marzo, la Corporaci\u00f3n El\u00e9ctrica Nacional (Corpoelec) realizar\u00e1 una Jornada Integral de Atenci\u00f3n al Usuario, para brindar asesor\u00eda y acompa\u00f1amiento en los tr\u00e1mites del servicio de energ\u00eda a los habitantes cojede\u00f1os.<\/p>\n\n\n\n<p>Durante la jornada, que se desarrollar\u00e1 en los municipios Ezequiel Zamora, Tinaquillo, Tinaco y Girardot, el personal laborar\u00e1 en un horario comprendido desde las 8:00 de la ma\u00f1ana hasta las 12:00 del mediod\u00eda.<\/p>\n\n\n\n<p>En estas jornadas, los usuarios tendr\u00e1n la oportunidad de actualizar sus datos, notificar deudas, presentar reclamos y recibir orientaci\u00f3n sobre la Banca en L\u00ednea.<\/p>\n\n\n\n<p>Cabe destacar que el \u00fanico m\u00e9todo de pago autorizado ser\u00e1 a trav\u00e9s del punto de venta.<\/p>\n\n\n\n<p>A continuaci\u00f3n, conozca los sectores donde estar\u00e1n ubicados los stands:<\/p>\n\n\n\n<ul class=\"wp-block-list\">\n<li>Urbanizaci\u00f3n Los Ilustres, parroquia San Carlos de Austria, municipio Ezequiel Zamora.<\/li>\n\n\n\n<li>Conjunto Residencial Altos de Buenos Aires, parroquia Tinaquillo, municipio Tinaquillo.<\/li>\n\n\n\n<li>Conjunto Residencial Manga de Coleo, parroquia Jos\u00e9 Laurencio Silva, municipio Tinaco.<\/li>\n\n\n\n<li>Sector Centro, calle Sucre y Bol\u00edvar, parroquia El Ba\u00fal, municipio Girardot.<\/li>\n<\/ul>\n\n\n\n<p>Para mayor informaci\u00f3n sobre las Jornadas Integrales de Atenci\u00f3n al Usuario, puede visitar la cuenta oficial @corpoelecinfo en la red social Instagram.<\/p>\n\n\n\n<p><strong>Prensa MPPEE-Corpoelec<\/strong><\/p>\n\n\n\n<p><\/p>\n","protected":false},"excerpt":{"rendered":"<p>Estado Cojedes.- Este s\u00e1bado 29 de marzo, la Corporaci\u00f3n El\u00e9ctrica Nacional (Corpoelec) realizar\u00e1 una Jornada Integral de Atenci\u00f3n al Usuario,<\/p>\n","protected":false},"author":24,"featured_media":95861,"comment_status":"closed","ping_status":"closed","sticky":false,"template":"","format":"standard","meta":{"footnotes":""},"categories":[30],"tags":[2710,2691,2959,11,2744,46],"class_list":["post-95860","post","type-post","status-publish","format-standard","has-post-thumbnail","hentry","category-regionales","tag-cojedes","tag-corpoelec","tag-jornada-integral-de-atencion-al-usuario","tag-mppee","tag-sen","tag-venezuela"],"_links":{"self":[{"href":"https:\/\/mppee.gob.ve\/index.php?rest_route=\/wp\/v2\/posts\/95860","targetHints":{"allow":["GET"]}}],"collection":[{"href":"https:\/\/mppee.gob.ve\/index.php?rest_route=\/wp\/v2\/posts"}],"about":[{"href":"https:\/\/mppee.gob.ve\/index.php?rest_route=\/wp\/v2\/types\/post"}],"author":[{"embeddable":true,"href":"https:\/\/mppee.gob.ve\/index.php?rest_route=\/wp\/v2\/users\/24"}],"replies":[{"embeddable":true,"href":"https:\/\/mppee.gob.ve\/index.php?rest_route=%2Fwp%2Fv2%2Fcomments&post=95860"}],"version-history":[{"count":1,"href":"https:\/\/mppee.gob.ve\/index.php?rest_route=\/wp\/v2\/posts\/95860\/revisions"}],"predecessor-version":[{"id":95862,"href":"https:\/\/mppee.gob.ve\/index.php?rest_route=\/wp\/v2\/posts\/95860\/revisions\/95862"}],"wp:featuredmedia":[{"embeddable":true,"href":"https:\/\/mppee.gob.ve\/index.php?rest_route=\/wp\/v2\/media\/95861"}],"wp:attachment":[{"href":"https:\/\/mppee.gob.ve\/index.php?rest_route=%2Fwp%2Fv2%2Fmedia&parent=95860"}],"wp:term":[{"taxonomy":"category","embeddable":true,"href":"https:\/\/mppee.gob.ve\/index.php?rest_route=%2Fwp%2Fv2%2Fcategories&post=95860"},{"taxonomy":"post_tag","embeddable":true,"href":"https:\/\/mppee.gob.ve\/index.php?rest_route=%2Fwp%2Fv2%2Ftags&post=95860"}],"curies":[{"name":"wp","href":"https:\/\/api.w.org\/{rel}","templated":true}]}}