{"id":95867,"date":"2025-03-28T15:59:24","date_gmt":"2025-03-28T15:59:24","guid":{"rendered":"http:\/\/mppee.gob.ve\/?p=95867"},"modified":"2025-03-28T15:59:25","modified_gmt":"2025-03-28T15:59:25","slug":"usuarios-apurenos-seran-atendidos-en-jornadas-integrales","status":"publish","type":"post","link":"https:\/\/mppee.gob.ve\/?p=95867","title":{"rendered":"Usuarios apure\u00f1os ser\u00e1n atendidos en jornadas integrales"},"content":{"rendered":"\n<p><strong>Estado Apure.- <\/strong>Trabajadores de la Corporaci\u00f3n El\u00e9ctrica Nacional (Corpoelec), realizar\u00e1n Jornadas Integrales de Atenci\u00f3n al Usuario este s\u00e1bado 29 de marzo, en las parroquias San Fernando, Achaguas, Mantecal, Elorza, Guasdualito y San Camilo.\u00a0<\/p>\n\n\n\n<p>En este sentido, el personal laborar\u00e1 en un horario comprendido desde las 8:00 de la ma\u00f1ana hasta las 2:00 de la tarde, para ofrecer informaci\u00f3n sobre actualizaci\u00f3n de datos, pago de factura, nuevos contratos, asesor\u00eda de Banca en L\u00ednea y registro de nuevos suscriptores.&nbsp;<\/p>\n\n\n\n<p>Los puntos de atenci\u00f3n para las jornadas estar\u00e1n ubicados en las siguientes direcciones:<\/p>\n\n\n\n<p>&#8211; Urbanizaci\u00f3n Terr\u00f3n Duro, parroquia San Fernando, municipio San Fernando.<\/p>\n\n\n\n<p>&#8211; Urbanizaci\u00f3n La Trinidad, parroquia San Fernando, municipio San Fernando.<\/p>\n\n\n\n<p>&#8211; Barrio Lindo, parroquia Achaguas, municipio Achaguas.<\/p>\n\n\n\n<p>&#8211; Avenida Libertador, parroquia Mantecal, municipio Mu\u00f1oz.<\/p>\n\n\n\n<p>&#8211; Sector 19 de Marzo, parroquia Elorza, municipio R\u00f3mulo Gallegos.<\/p>\n\n\n\n<p>&#8211; Sector Los Corrales, parroquia Guasdualito, municipio P\u00e1ez.<\/p>\n\n\n\n<p>&#8211; Barrio La Azulita, parroquia San Camilo, municipio P\u00e1ez.&nbsp;<\/p>\n\n\n\n<p>Para mayor informaci\u00f3n sobre las Jornadas Integrales de Atenci\u00f3n al Usuario, puede visitar la cuenta @corpoelecinfo en la red social Instagram.<\/p>\n\n\n\n<p><strong>Prensa MPPEE-Corpoelec<\/strong><\/p>\n","protected":false},"excerpt":{"rendered":"<p>Estado Apure.- Trabajadores de la Corporaci\u00f3n El\u00e9ctrica Nacional (Corpoelec), realizar\u00e1n Jornadas Integrales de Atenci\u00f3n al Usuario este s\u00e1bado 29 de<\/p>\n","protected":false},"author":24,"featured_media":95868,"comment_status":"closed","ping_status":"closed","sticky":false,"template":"","format":"standard","meta":{"footnotes":""},"categories":[30],"tags":[2722,2691,2803,11,2744,46],"class_list":["post-95867","post","type-post","status-publish","format-standard","has-post-thumbnail","hentry","category-regionales","tag-apure","tag-corpoelec","tag-jornada-de-atencion-al-usuario","tag-mppee","tag-sen","tag-venezuela"],"_links":{"self":[{"href":"https:\/\/mppee.gob.ve\/index.php?rest_route=\/wp\/v2\/posts\/95867","targetHints":{"allow":["GET"]}}],"collection":[{"href":"https:\/\/mppee.gob.ve\/index.php?rest_route=\/wp\/v2\/posts"}],"about":[{"href":"https:\/\/mppee.gob.ve\/index.php?rest_route=\/wp\/v2\/types\/post"}],"author":[{"embeddable":true,"href":"https:\/\/mppee.gob.ve\/index.php?rest_route=\/wp\/v2\/users\/24"}],"replies":[{"embeddable":true,"href":"https:\/\/mppee.gob.ve\/index.php?rest_route=%2Fwp%2Fv2%2Fcomments&post=95867"}],"version-history":[{"count":1,"href":"https:\/\/mppee.gob.ve\/index.php?rest_route=\/wp\/v2\/posts\/95867\/revisions"}],"predecessor-version":[{"id":95869,"href":"https:\/\/mppee.gob.ve\/index.php?rest_route=\/wp\/v2\/posts\/95867\/revisions\/95869"}],"wp:featuredmedia":[{"embeddable":true,"href":"https:\/\/mppee.gob.ve\/index.php?rest_route=\/wp\/v2\/media\/95868"}],"wp:attachment":[{"href":"https:\/\/mppee.gob.ve\/index.php?rest_route=%2Fwp%2Fv2%2Fmedia&parent=95867"}],"wp:term":[{"taxonomy":"category","embeddable":true,"href":"https:\/\/mppee.gob.ve\/index.php?rest_route=%2Fwp%2Fv2%2Fcategories&post=95867"},{"taxonomy":"post_tag","embeddable":true,"href":"https:\/\/mppee.gob.ve\/index.php?rest_route=%2Fwp%2Fv2%2Ftags&post=95867"}],"curies":[{"name":"wp","href":"https:\/\/api.w.org\/{rel}","templated":true}]}}