{"id":95911,"date":"2025-03-29T19:24:50","date_gmt":"2025-03-29T19:24:50","guid":{"rendered":"http:\/\/mppee.gob.ve\/?p=95911"},"modified":"2025-03-29T19:25:28","modified_gmt":"2025-03-29T19:25:28","slug":"instalan-comite-tecnico-de-corpoelec-en-portuguesa","status":"publish","type":"post","link":"https:\/\/mppee.gob.ve\/?p=95911","title":{"rendered":"Instalan Comit\u00e9 T\u00e9cnico de Corpoelec en Portuguesa"},"content":{"rendered":"\n<p><strong>Acarigua, estado Portuguesa.- <\/strong>Para afinar estrategias que permitan avanzar en el fortalecimiento del Sistema El\u00e9ctrico Nacional (SEN), este s\u00e1bado, el ministro del Poder Popular para la Energ\u00eda El\u00e9ctrica, Jorge M\u00e1rquez, encabez\u00f3 la reuni\u00f3n del Comit\u00e9 T\u00e9cnico de An\u00e1lisis de la Corporaci\u00f3n El\u00e9ctrica Nacional (Corpoelec) en el estado Portuguesa.<\/p>\n\n\n\n<p>Desde las instalaciones del Aeropuerto \u201cBatalla de Araure\u201d, ubicado en la entidad llanera, M\u00e1rquez estuvo acompa\u00f1ado por los gerentes generales de Corpoelec con quienes debati\u00f3 l\u00edneas de trabajo para fortalecer los procesos de generaci\u00f3n, transmisi\u00f3n y distribuci\u00f3n de la energ\u00eda el\u00e9ctrica en el pa\u00eds.<\/p>\n\n\n\n<p>En la reuni\u00f3n participaron el presidente de Corpoelec, Jos\u00e9 Luis Betancourt; el asesor mayor, Freddy Brito Maestre; as\u00ed como tambi\u00e9n el viceministro del Servicio El\u00e9ctrico, Francisco Mart\u00edn, el viceministro para el Desarrollo del Sector y la Industria El\u00e9ctrica, Carlos Gonz\u00e1lez, el viceministro de Finanzas, Vianney Rojas, entre otras autoridades de Corpoelec.<\/p>\n\n\n\n<p>Las sesiones de esta instancia se realizan peri\u00f3dicamente en aras de trazar acciones que tributen a garantizar el \u00f3ptimo servicio el\u00e9ctrico, cumpliendo con las instrucciones del presidente de la Rep\u00fablica, Nicol\u00e1s Maduro Moros, para robustecer el SEN.<\/p>\n\n\n\n<p><strong>Prensa MPPEE-Corpoelec \/ Joelin Jim\u00e9nez<\/strong><\/p>\n","protected":false},"excerpt":{"rendered":"<p>Acarigua, estado Portuguesa.- Para afinar estrategias que permitan avanzar en el fortalecimiento del Sistema El\u00e9ctrico Nacional (SEN), este s\u00e1bado, el<\/p>\n","protected":false},"author":24,"featured_media":95912,"comment_status":"closed","ping_status":"closed","sticky":false,"template":"","format":"standard","meta":{"footnotes":""},"categories":[15],"tags":[2963,2691,11,2725,2744,46],"class_list":["post-95911","post","type-post","status-publish","format-standard","has-post-thumbnail","hentry","category-nacionales","tag-comite-tecnico","tag-corpoelec","tag-mppee","tag-portuguesa","tag-sen","tag-venezuela"],"_links":{"self":[{"href":"https:\/\/mppee.gob.ve\/index.php?rest_route=\/wp\/v2\/posts\/95911","targetHints":{"allow":["GET"]}}],"collection":[{"href":"https:\/\/mppee.gob.ve\/index.php?rest_route=\/wp\/v2\/posts"}],"about":[{"href":"https:\/\/mppee.gob.ve\/index.php?rest_route=\/wp\/v2\/types\/post"}],"author":[{"embeddable":true,"href":"https:\/\/mppee.gob.ve\/index.php?rest_route=\/wp\/v2\/users\/24"}],"replies":[{"embeddable":true,"href":"https:\/\/mppee.gob.ve\/index.php?rest_route=%2Fwp%2Fv2%2Fcomments&post=95911"}],"version-history":[{"count":1,"href":"https:\/\/mppee.gob.ve\/index.php?rest_route=\/wp\/v2\/posts\/95911\/revisions"}],"predecessor-version":[{"id":95913,"href":"https:\/\/mppee.gob.ve\/index.php?rest_route=\/wp\/v2\/posts\/95911\/revisions\/95913"}],"wp:featuredmedia":[{"embeddable":true,"href":"https:\/\/mppee.gob.ve\/index.php?rest_route=\/wp\/v2\/media\/95912"}],"wp:attachment":[{"href":"https:\/\/mppee.gob.ve\/index.php?rest_route=%2Fwp%2Fv2%2Fmedia&parent=95911"}],"wp:term":[{"taxonomy":"category","embeddable":true,"href":"https:\/\/mppee.gob.ve\/index.php?rest_route=%2Fwp%2Fv2%2Fcategories&post=95911"},{"taxonomy":"post_tag","embeddable":true,"href":"https:\/\/mppee.gob.ve\/index.php?rest_route=%2Fwp%2Fv2%2Ftags&post=95911"}],"curies":[{"name":"wp","href":"https:\/\/api.w.org\/{rel}","templated":true}]}}