{"id":96002,"date":"2025-04-02T22:26:05","date_gmt":"2025-04-02T22:26:05","guid":{"rendered":"http:\/\/mppee.gob.ve\/?p=96002"},"modified":"2025-04-03T15:18:27","modified_gmt":"2025-04-03T15:18:27","slug":"mpulsan-la-corresponsabilidad-energetica-en-el-sector-publico-a-traves-de-conversatorios","status":"publish","type":"post","link":"https:\/\/mppee.gob.ve\/?p=96002","title":{"rendered":"Impulsan la corresponsabilidad energ\u00e9tica en el sector p\u00fablico a trav\u00e9s de conversatorios"},"content":{"rendered":"\n<p><strong>San Bernardino, Caracas.- <\/strong>El Ministerio del Poder Popular para la Energ\u00eda El\u00e9ctrica (MPPEE) a trav\u00e9s del Viceministerio para Nuevas Fuentes y Uso Racional de la Energ\u00eda El\u00e9ctrica, desarrolla conversatorios con el prop\u00f3sito de fomentar la cultura de corresponsabilidad energ\u00e9tica en el sector p\u00fablico del pa\u00eds.<\/p>\n\n\n\n<p>Este ciclo de actividades forma parte de las acciones estrat\u00e9gicas dirigidas a Ministerios con sede en el Distrito Capital y sus entes adscritos, en aras de impulsar iniciativas que permitan combatir el cambio clim\u00e1tico y promover el uso eficiente de la energ\u00eda.<\/p>\n\n\n\n<p>En este sentido, la Corporaci\u00f3n El\u00e9ctrica Nacional (CORPOELEC) tambi\u00e9n se ha sumado activamente a esta iniciativa, as\u00ed como tambi\u00e9n el Bloque Social del Sistema El\u00e9ctrico Nacional (SEN), el Viceministerio de Articulaci\u00f3n y Desarrollo Social y la Fundaci\u00f3n para el Desarrollo del Servicio El\u00e9ctrico (Fundelec), con el objetivo de generar un impacto significativo en el sector p\u00fablico y las comunidades.<\/p>\n\n\n\n<p>De igual manera, la programaci\u00f3n contempla la visita a escuelas para difundir el mensaje sobre el uso racional de la energ\u00eda.<\/p>\n\n\n\n<p>Al respecto, Tania Masea, viceministra para Nuevas Fuentes y Uso Racional de la Energ\u00eda El\u00e9ctrica, record\u00f3 que los fen\u00f3menos meteorol\u00f3gicos han generado un da\u00f1o importante en los embalses ubicados en la regi\u00f3n de Los Andes.<\/p>\n\n\n\n<p>Estos encuentros cumplen con los lineamientos del presidente de la Rep\u00fablica, Nicol\u00e1s Maduro, de impulsar pol\u00edticas que tributen a la disminuci\u00f3n del consumo de energ\u00eda el\u00e9ctrica y el uso eficiente de este importante recurso.<\/p>\n\n\n\n<p><strong>Prensa Fidelz<\/strong><\/p>\n","protected":false},"excerpt":{"rendered":"<p>San Bernardino, Caracas.- El Ministerio del Poder Popular para la Energ\u00eda El\u00e9ctrica (MPPEE) a trav\u00e9s del Viceministerio para Nuevas Fuentes<\/p>\n","protected":false},"author":22,"featured_media":96003,"comment_status":"closed","ping_status":"closed","sticky":false,"template":"","format":"standard","meta":{"footnotes":""},"categories":[1],"tags":[2691,11,2744,46],"class_list":["post-96002","post","type-post","status-publish","format-standard","has-post-thumbnail","hentry","category-mppee","tag-corpoelec","tag-mppee","tag-sen","tag-venezuela"],"_links":{"self":[{"href":"https:\/\/mppee.gob.ve\/index.php?rest_route=\/wp\/v2\/posts\/96002","targetHints":{"allow":["GET"]}}],"collection":[{"href":"https:\/\/mppee.gob.ve\/index.php?rest_route=\/wp\/v2\/posts"}],"about":[{"href":"https:\/\/mppee.gob.ve\/index.php?rest_route=\/wp\/v2\/types\/post"}],"author":[{"embeddable":true,"href":"https:\/\/mppee.gob.ve\/index.php?rest_route=\/wp\/v2\/users\/22"}],"replies":[{"embeddable":true,"href":"https:\/\/mppee.gob.ve\/index.php?rest_route=%2Fwp%2Fv2%2Fcomments&post=96002"}],"version-history":[{"count":2,"href":"https:\/\/mppee.gob.ve\/index.php?rest_route=\/wp\/v2\/posts\/96002\/revisions"}],"predecessor-version":[{"id":96023,"href":"https:\/\/mppee.gob.ve\/index.php?rest_route=\/wp\/v2\/posts\/96002\/revisions\/96023"}],"wp:featuredmedia":[{"embeddable":true,"href":"https:\/\/mppee.gob.ve\/index.php?rest_route=\/wp\/v2\/media\/96003"}],"wp:attachment":[{"href":"https:\/\/mppee.gob.ve\/index.php?rest_route=%2Fwp%2Fv2%2Fmedia&parent=96002"}],"wp:term":[{"taxonomy":"category","embeddable":true,"href":"https:\/\/mppee.gob.ve\/index.php?rest_route=%2Fwp%2Fv2%2Fcategories&post=96002"},{"taxonomy":"post_tag","embeddable":true,"href":"https:\/\/mppee.gob.ve\/index.php?rest_route=%2Fwp%2Fv2%2Ftags&post=96002"}],"curies":[{"name":"wp","href":"https:\/\/api.w.org\/{rel}","templated":true}]}}