{"id":96032,"date":"2025-04-04T14:27:41","date_gmt":"2025-04-04T14:27:41","guid":{"rendered":"http:\/\/mppee.gob.ve\/?p=96032"},"modified":"2025-04-04T14:27:43","modified_gmt":"2025-04-04T14:27:43","slug":"apurenos-son-favorecidos-con-jornadas-integrales","status":"publish","type":"post","link":"https:\/\/mppee.gob.ve\/?p=96032","title":{"rendered":"Apure\u00f1os son favorecidos con jornadas integrales"},"content":{"rendered":"\n<p><strong>Estado Apure.-<\/strong> La Corporaci\u00f3n El\u00e9ctrica Nacional (CORPOELEC) llevar\u00e1 a cabo este s\u00e1bado 05 de abril, Jornadas Integrales de Atenci\u00f3n al Usuario en comunidades del estado Apure.<\/p>\n\n\n\n<p>Los usuarios podr\u00e1n pagar sus facturas, recibir notificaci\u00f3n de deudas, actualizar datos y registrarse como suscriptores del servicio, adem\u00e1s de conocer los sencillos m\u00e9todos de pago en l\u00ednea.<\/p>\n\n\n\n<p>El personal de CORPOELEC laborar\u00e1 en un horario comprendido desde las 8:00 de la ma\u00f1ana hasta las 2:00 de la tarde.<\/p>\n\n\n\n<p>A continuaci\u00f3n, se detalla la ubicaci\u00f3n de los stands:<\/p>\n\n\n\n<p>&nbsp; &#8211; Urbanizaci\u00f3n Jos\u00e9 Antonio P\u00e1ez, parroquia San Fernando, municipio San Fernando.<\/p>\n\n\n\n<p>&#8211; Urbanizaci\u00f3n La Trinidad, parroquia San Fernando, municipio San Fernando.<\/p>\n\n\n\n<p>&#8211; Calle Boyac\u00e1, parroquia Achaguas, municipio Achaguas.<\/p>\n\n\n\n<p>&#8211; Avenida Libertador, parroquia Mantecal, municipio Mu\u00f1oz.<\/p>\n\n\n\n<p>&#8211; Juan Vicente Torrealba, parroquia Elorza, municipio R\u00f3mulo Gallegos.<\/p>\n\n\n\n<p>&#8211; Avenida Estudiante, parroquia Guasdualito, municipio P\u00e1ez.<\/p>\n\n\n\n<p>&#8211; Sector Polideportivo, parroquia San Camilo, municipio P\u00e1ez.<\/p>\n\n\n\n<p>Para mayor informaci\u00f3n sobre la Jornadas de Atenci\u00f3n al Usuario, pueden visitar la cuenta @corpoelecinfo en la red social Instagram.<\/p>\n\n\n\n<p><strong>Prensa MPPEE-CORPOELEC<\/strong><\/p>\n","protected":false},"excerpt":{"rendered":"<p>Estado Apure.- La Corporaci\u00f3n El\u00e9ctrica Nacional (CORPOELEC) llevar\u00e1 a cabo este s\u00e1bado 05 de abril, Jornadas Integrales de Atenci\u00f3n al<\/p>\n","protected":false},"author":24,"featured_media":95771,"comment_status":"closed","ping_status":"closed","sticky":false,"template":"","format":"standard","meta":{"footnotes":""},"categories":[30],"tags":[2722,2691,2803,11,2744,46],"class_list":["post-96032","post","type-post","status-publish","format-standard","has-post-thumbnail","hentry","category-regionales","tag-apure","tag-corpoelec","tag-jornada-de-atencion-al-usuario","tag-mppee","tag-sen","tag-venezuela"],"_links":{"self":[{"href":"https:\/\/mppee.gob.ve\/index.php?rest_route=\/wp\/v2\/posts\/96032","targetHints":{"allow":["GET"]}}],"collection":[{"href":"https:\/\/mppee.gob.ve\/index.php?rest_route=\/wp\/v2\/posts"}],"about":[{"href":"https:\/\/mppee.gob.ve\/index.php?rest_route=\/wp\/v2\/types\/post"}],"author":[{"embeddable":true,"href":"https:\/\/mppee.gob.ve\/index.php?rest_route=\/wp\/v2\/users\/24"}],"replies":[{"embeddable":true,"href":"https:\/\/mppee.gob.ve\/index.php?rest_route=%2Fwp%2Fv2%2Fcomments&post=96032"}],"version-history":[{"count":1,"href":"https:\/\/mppee.gob.ve\/index.php?rest_route=\/wp\/v2\/posts\/96032\/revisions"}],"predecessor-version":[{"id":96033,"href":"https:\/\/mppee.gob.ve\/index.php?rest_route=\/wp\/v2\/posts\/96032\/revisions\/96033"}],"wp:featuredmedia":[{"embeddable":true,"href":"https:\/\/mppee.gob.ve\/index.php?rest_route=\/wp\/v2\/media\/95771"}],"wp:attachment":[{"href":"https:\/\/mppee.gob.ve\/index.php?rest_route=%2Fwp%2Fv2%2Fmedia&parent=96032"}],"wp:term":[{"taxonomy":"category","embeddable":true,"href":"https:\/\/mppee.gob.ve\/index.php?rest_route=%2Fwp%2Fv2%2Fcategories&post=96032"},{"taxonomy":"post_tag","embeddable":true,"href":"https:\/\/mppee.gob.ve\/index.php?rest_route=%2Fwp%2Fv2%2Ftags&post=96032"}],"curies":[{"name":"wp","href":"https:\/\/api.w.org\/{rel}","templated":true}]}}