{"id":96049,"date":"2025-04-04T18:51:55","date_gmt":"2025-04-04T18:51:55","guid":{"rendered":"http:\/\/mppee.gob.ve\/?p=96049"},"modified":"2025-04-04T18:51:57","modified_gmt":"2025-04-04T18:51:57","slug":"cabello-denuncia-que-la-extrema-derecha-buscaba-atentar-contra-el-sistema-electrico","status":"publish","type":"post","link":"https:\/\/mppee.gob.ve\/?p=96049","title":{"rendered":"Cabello denuncia que la extrema derecha buscaba atentar contra el sistema el\u00e9ctrico"},"content":{"rendered":"\n<p><strong>San Bernardino, Caracas.-<\/strong> Al ofrecer un balance de la Operaci\u00f3n Rel\u00e1mpago del Catatumbo, el ministro de Interior, Justicia y Paz, Diosdado Cabello, denunci\u00f3 la vinculaci\u00f3n de la extrema derecha venezolana con mercenarios que buscaban atentar contra los servicios p\u00fablicos del pa\u00eds.<\/p>\n\n\n\n<p>\u201cYo en estos d\u00edas lo dije que ten\u00edan preparado un ataque al sistema el\u00e9ctrico, se\u00f1al\u00e9 y salieron huyendo hacia adelante, porque quedan en evidencia cuando uno los se\u00f1ala, reuni\u00e9ndose con trabajadores del sector el\u00e9ctrico o mercenarios para hacerle da\u00f1os al sector el\u00e9ctrico (\u2026) Es claro que est\u00e1n vinculados\u201d, destac\u00f3 Cabello durante una rueda de prensa ofrecida a los medios de comunicaci\u00f3n.<\/p>\n\n\n\n<p>Asimismo, el tambi\u00e9n Vicepresidente Sectorial de Pol\u00edtica, Seguridad Ciudadana y Paz, se\u00f1al\u00f3 que Mar\u00eda Corina Machado y Leopoldo L\u00f3pez, mantienen una relaci\u00f3n con el expresidente colombiano, \u00c1lvaro Uribe, para crear inestabilidad en el pa\u00eds y causar da\u00f1o en distintos sectores, al tiempo que rechaz\u00f3 la agresi\u00f3n continuada en contra de los connacionales secuestrados por Estados Unidos (EE.UU.) en El Salvador.<\/p>\n\n\n\n<p>\u201c\u00bfQui\u00e9n dirige esta operaci\u00f3n para hacerle da\u00f1o al pa\u00eds?, Que son capaces de negociar hasta con el diablo y que est\u00e1 ocurriendo con nuestros compa\u00f1eros atropellados por el Gobierno de los Estados Unidos y son incapaces de levantar la voz para defender a los venezolanos que ellos mismos promovieron que se fueran\u201d, cuestion\u00f3 Cabello.<\/p>\n\n\n\n<p>Finalmente, reiter\u00f3 la vinculaci\u00f3n de los sectores de la ultraderecha venezolana con grupos criminales de narcotr\u00e1fico y corrupci\u00f3n que operaban en el estado Zulia, por lo que est\u00e1n detenidos cinco nuevos alcaldes vinculados con esta trama.<\/p>\n\n\n\n<p>\u201cDebemos recordarlo una y otra vez, todo esto est\u00e1 vinculado a los sectores extremistas de la oposici\u00f3n venezolana; ojal\u00e1 qued\u00e9 constancia de que nosotros lo venimos diciendo desde hace tiempo (\u2026) Nosotros lo que hemos dicho aqu\u00ed ha sido estrictamente comprobado\u201d, expres\u00f3 Cabello.<\/p>\n\n\n\n<p><strong>Prensa MPPEE-CORPOELEC \/ Joelin Jim\u00e9nez<\/strong><\/p>\n\n\n\n<p><\/p>\n","protected":false},"excerpt":{"rendered":"<p>San Bernardino, Caracas.- Al ofrecer un balance de la Operaci\u00f3n Rel\u00e1mpago del Catatumbo, el ministro de Interior, Justicia y Paz,<\/p>\n","protected":false},"author":24,"featured_media":96050,"comment_status":"closed","ping_status":"closed","sticky":false,"template":"","format":"standard","meta":{"footnotes":""},"categories":[15],"tags":[2691,11,2744,2974,46],"class_list":["post-96049","post","type-post","status-publish","format-standard","has-post-thumbnail","hentry","category-nacionales","tag-corpoelec","tag-mppee","tag-sen","tag-sistema-electrico","tag-venezuela"],"_links":{"self":[{"href":"https:\/\/mppee.gob.ve\/index.php?rest_route=\/wp\/v2\/posts\/96049","targetHints":{"allow":["GET"]}}],"collection":[{"href":"https:\/\/mppee.gob.ve\/index.php?rest_route=\/wp\/v2\/posts"}],"about":[{"href":"https:\/\/mppee.gob.ve\/index.php?rest_route=\/wp\/v2\/types\/post"}],"author":[{"embeddable":true,"href":"https:\/\/mppee.gob.ve\/index.php?rest_route=\/wp\/v2\/users\/24"}],"replies":[{"embeddable":true,"href":"https:\/\/mppee.gob.ve\/index.php?rest_route=%2Fwp%2Fv2%2Fcomments&post=96049"}],"version-history":[{"count":1,"href":"https:\/\/mppee.gob.ve\/index.php?rest_route=\/wp\/v2\/posts\/96049\/revisions"}],"predecessor-version":[{"id":96051,"href":"https:\/\/mppee.gob.ve\/index.php?rest_route=\/wp\/v2\/posts\/96049\/revisions\/96051"}],"wp:featuredmedia":[{"embeddable":true,"href":"https:\/\/mppee.gob.ve\/index.php?rest_route=\/wp\/v2\/media\/96050"}],"wp:attachment":[{"href":"https:\/\/mppee.gob.ve\/index.php?rest_route=%2Fwp%2Fv2%2Fmedia&parent=96049"}],"wp:term":[{"taxonomy":"category","embeddable":true,"href":"https:\/\/mppee.gob.ve\/index.php?rest_route=%2Fwp%2Fv2%2Fcategories&post=96049"},{"taxonomy":"post_tag","embeddable":true,"href":"https:\/\/mppee.gob.ve\/index.php?rest_route=%2Fwp%2Fv2%2Ftags&post=96049"}],"curies":[{"name":"wp","href":"https:\/\/api.w.org\/{rel}","templated":true}]}}