{"id":96079,"date":"2025-04-05T17:51:45","date_gmt":"2025-04-05T17:51:45","guid":{"rendered":"http:\/\/mppee.gob.ve\/?p=96079"},"modified":"2025-04-05T17:52:45","modified_gmt":"2025-04-05T17:52:45","slug":"ministro-marquez-sostiene-encuentro-con-trabajadores-de-corpoelec-en-apure","status":"publish","type":"post","link":"https:\/\/mppee.gob.ve\/?p=96079","title":{"rendered":"Ministro M\u00e1rquez sostiene encuentro con trabajadores de CORPOELEC en Apure"},"content":{"rendered":"\n<p><strong>Estado Apure.- <\/strong>Un encuentro fraterno sostuvo este s\u00e1bado el Ministro del Poder Popular para la Energ\u00eda El\u00e9ctrica, Jorge M\u00e1rquez, con los trabajadores y trabajadoras que hacen vida en la sede administrativa de la Corporaci\u00f3n El\u00e9ctrica Nacional (CORPOELEC), ubicada en San Fernando, estado Apure.<\/p>\n\n\n\n<p>\u00abEsta empresa la vamos a hacer crecer. Las inversiones y el trabajo se est\u00e1n haciendo, pero tenemos mucho m\u00e1s por hacer. S\u00famense a esta tarea\u00bb, convoc\u00f3 M\u00e1rquez, al tiempo que inform\u00f3 que se ejecutar\u00e1n acciones para las mejoras de infraestructura de esta importante sede de la regi\u00f3n llanera.<\/p>\n\n\n\n<p>La conversaci\u00f3n espont\u00e1nea surgi\u00f3 tras ser instalado, en Apure, el Comit\u00e9 de An\u00e1lisis T\u00e9cnico de CORPOELEC, que eval\u00faa diariamente el comportamiento del sistema el\u00e9ctrico del pa\u00eds y las estrategias para su optimizaci\u00f3n.<\/p>\n\n\n\n<p>Acompa\u00f1an a M\u00e1rquez en esta actividad, el presidente de CORPOELEC, Jos\u00e9 Luis Betancourt; el asesor mayor, Freddy Brito Maestre; as\u00ed como tambi\u00e9n el viceministro del Servicio El\u00e9ctrico, Francisco Mart\u00edn, el viceministro para el Desarrollo del Sector y la Industria El\u00e9ctrica, Carlos Gonz\u00e1lez, el viceministro de Finanzas, Vianney Rojas, entre otras autoridades de la estatal el\u00e9ctrica.<\/p>\n\n\n\n<p><strong>Prensa MPPEE-CORPOELEC <\/strong><\/p>\n","protected":false},"excerpt":{"rendered":"<p>Estado Apure.- Un encuentro fraterno sostuvo este s\u00e1bado el Ministro del Poder Popular para la Energ\u00eda El\u00e9ctrica, Jorge M\u00e1rquez, con<\/p>\n","protected":false},"author":24,"featured_media":96081,"comment_status":"closed","ping_status":"closed","sticky":false,"template":"","format":"standard","meta":{"footnotes":""},"categories":[15],"tags":[2722,2691,11,2744,46],"class_list":["post-96079","post","type-post","status-publish","format-standard","has-post-thumbnail","hentry","category-nacionales","tag-apure","tag-corpoelec","tag-mppee","tag-sen","tag-venezuela"],"_links":{"self":[{"href":"https:\/\/mppee.gob.ve\/index.php?rest_route=\/wp\/v2\/posts\/96079","targetHints":{"allow":["GET"]}}],"collection":[{"href":"https:\/\/mppee.gob.ve\/index.php?rest_route=\/wp\/v2\/posts"}],"about":[{"href":"https:\/\/mppee.gob.ve\/index.php?rest_route=\/wp\/v2\/types\/post"}],"author":[{"embeddable":true,"href":"https:\/\/mppee.gob.ve\/index.php?rest_route=\/wp\/v2\/users\/24"}],"replies":[{"embeddable":true,"href":"https:\/\/mppee.gob.ve\/index.php?rest_route=%2Fwp%2Fv2%2Fcomments&post=96079"}],"version-history":[{"count":2,"href":"https:\/\/mppee.gob.ve\/index.php?rest_route=\/wp\/v2\/posts\/96079\/revisions"}],"predecessor-version":[{"id":96083,"href":"https:\/\/mppee.gob.ve\/index.php?rest_route=\/wp\/v2\/posts\/96079\/revisions\/96083"}],"wp:featuredmedia":[{"embeddable":true,"href":"https:\/\/mppee.gob.ve\/index.php?rest_route=\/wp\/v2\/media\/96081"}],"wp:attachment":[{"href":"https:\/\/mppee.gob.ve\/index.php?rest_route=%2Fwp%2Fv2%2Fmedia&parent=96079"}],"wp:term":[{"taxonomy":"category","embeddable":true,"href":"https:\/\/mppee.gob.ve\/index.php?rest_route=%2Fwp%2Fv2%2Fcategories&post=96079"},{"taxonomy":"post_tag","embeddable":true,"href":"https:\/\/mppee.gob.ve\/index.php?rest_route=%2Fwp%2Fv2%2Ftags&post=96079"}],"curies":[{"name":"wp","href":"https:\/\/api.w.org\/{rel}","templated":true}]}}