{"id":96095,"date":"2025-04-07T14:45:25","date_gmt":"2025-04-07T14:45:25","guid":{"rendered":"http:\/\/mppee.gob.ve\/?p=96095"},"modified":"2025-04-07T14:45:28","modified_gmt":"2025-04-07T14:45:28","slug":"despliegan-jornadas-de-atencion-al-usuario-en-zona-metropolitana-de-anzoategui","status":"publish","type":"post","link":"https:\/\/mppee.gob.ve\/?p=96095","title":{"rendered":"Despliegan Jornadas de Atenci\u00f3n al Usuario en zona metropolitana de Anzo\u00e1tegui"},"content":{"rendered":"\n<p><strong>Estado Anzo\u00e1tegui.-<\/strong> Desde este lunes 07 hasta el s\u00e1bado 12 de abril, la Corporaci\u00f3n El\u00e9ctrica Nacional (CORPOELEC) en Anzo\u00e1tegui, realizar\u00e1 una amplia Jornada de Atenci\u00f3n al Usuario dirigido al sector residencial y comercial del estado.<\/p>\n\n\n\n<p>La estatal el\u00e9ctrica desplegar\u00e1 el personal para brindar asesor\u00eda en la actualizaci\u00f3n de datos, notificaci\u00f3n de deudas y cobro de facturas en un horario comprendido entre las 8:00 de la ma\u00f1ana y las 5:00 de la tarde.<\/p>\n\n\n\n<p>Los puntos estar\u00e1n ubicados en las siguientes direcciones:<\/p>\n\n\n\n<p>&#8211; Lunes 07 de abril: Calles Bol\u00edvar, Democracia y el Casco Central de Puerto La Cruz.<\/p>\n\n\n\n<p>&nbsp;Avenidas Jorge Rodr\u00edguez, antigua Intercomunal, Costanera, Cajigal y R\u00edo, as\u00ed como tambi\u00e9n el Boulevard 5 de Julio, municipio Sim\u00f3n Bol\u00edvar<\/p>\n\n\n\n<p>&#8211; Martes 08 de abril: Prolongaci\u00f3n Av. 5 de Julio, Calle Ricaurte, sector La Montanita y en la Avenida Principal de Boyac\u00e1 II, en Barcelona.<\/p>\n\n\n\n<p>Lecher\u00eda, Residencias Beach House I y parte de la avenida Jorge Rodr\u00edguez.<\/p>\n\n\n\n<p>Puerto La Cruz, Casco Central y la calle Libertad.<\/p>\n\n\n\n<p>&#8211; Mi\u00e9rcoles 09 de abril: Centro Empresarial Barcelona, Av. Fuerzas Armadas y la avenida Pedro Mar\u00eda Freites, Terrazas de Puente Real, avenida Ej\u00e9rcito, Av. Argimiro Gabald\u00f3n y barrio El Espejo en el municipio Sim\u00f3n Bol\u00edvar.<\/p>\n\n\n\n<p>Urbaneja, Casco Central de Lecher\u00eda, Residencias Carcuna.<\/p>\n\n\n\n<p>Casco Central de Puerto La Cruz y la calle Democracia.<\/p>\n\n\n\n<p>&#8211; Jueves 10 de abril: Zona Industrial, Residencias Bosque del Remanso en la avenida Costanera, barrio Sucre y calle Guayaquil en el municipio Sim\u00f3n Bol\u00edvar.<\/p>\n\n\n\n<p>Urbaneja, avenida Arismendi y Pueblo Viejo y en Sotillo en Casco Central y calle Sucre se Puerto La Cruz<\/p>\n\n\n\n<p>&#8211; Viernes 11 de abril: Avenida Ej\u00e9rcito, Residencias Aponwuao, avenida Indelmaro Lovera, Nueva Barcelona, Av. Jorge Rodr\u00edguez y Colinas del Never\u00ed en Barcelona.<\/p>\n\n\n\n<p>Lecher\u00eda, calle Mari\u00f1o y Residencias Puerto Aventura.<\/p>\n\n\n\n<p>Sotillo, Casco Central y Calle Maneiro de Puerto La Cruz.<\/p>\n\n\n\n<p>&#8211; S\u00e1bado 12 de abril: Avenida Ej\u00e9rcito, Residencias Aponwuao y la avenida Indelmaro Lovera, Nueva Barcelona.<\/p>\n\n\n\n<p>Urbaneja, Casco Central de Lecher\u00eda y Residencias Plaza Marina.<\/p>\n\n\n\n<p>Es importante destacar que el \u00fanico m\u00e9todo de pago autorizado ser\u00e1 mediante el punto de venta.<\/p>\n\n\n\n<p>Para mayor informaci\u00f3n sobre las Jornadas Integrales de Atenci\u00f3n al Usuario, puede visitar la cuenta @corpoelecinfo en la red social Instagram.<\/p>\n\n\n\n<p><strong>Prensa MPPEE-CORPOELEC<\/strong><\/p>\n","protected":false},"excerpt":{"rendered":"<p>Estado Anzo\u00e1tegui.- Desde este lunes 07 hasta el s\u00e1bado 12 de abril, la Corporaci\u00f3n El\u00e9ctrica Nacional (CORPOELEC) en Anzo\u00e1tegui, realizar\u00e1<\/p>\n","protected":false},"author":24,"featured_media":95861,"comment_status":"closed","ping_status":"closed","sticky":false,"template":"","format":"standard","meta":{"footnotes":""},"categories":[30],"tags":[2706,2691,2803,11,2744,46],"class_list":["post-96095","post","type-post","status-publish","format-standard","has-post-thumbnail","hentry","category-regionales","tag-anzoategui","tag-corpoelec","tag-jornada-de-atencion-al-usuario","tag-mppee","tag-sen","tag-venezuela"],"_links":{"self":[{"href":"https:\/\/mppee.gob.ve\/index.php?rest_route=\/wp\/v2\/posts\/96095","targetHints":{"allow":["GET"]}}],"collection":[{"href":"https:\/\/mppee.gob.ve\/index.php?rest_route=\/wp\/v2\/posts"}],"about":[{"href":"https:\/\/mppee.gob.ve\/index.php?rest_route=\/wp\/v2\/types\/post"}],"author":[{"embeddable":true,"href":"https:\/\/mppee.gob.ve\/index.php?rest_route=\/wp\/v2\/users\/24"}],"replies":[{"embeddable":true,"href":"https:\/\/mppee.gob.ve\/index.php?rest_route=%2Fwp%2Fv2%2Fcomments&post=96095"}],"version-history":[{"count":1,"href":"https:\/\/mppee.gob.ve\/index.php?rest_route=\/wp\/v2\/posts\/96095\/revisions"}],"predecessor-version":[{"id":96096,"href":"https:\/\/mppee.gob.ve\/index.php?rest_route=\/wp\/v2\/posts\/96095\/revisions\/96096"}],"wp:featuredmedia":[{"embeddable":true,"href":"https:\/\/mppee.gob.ve\/index.php?rest_route=\/wp\/v2\/media\/95861"}],"wp:attachment":[{"href":"https:\/\/mppee.gob.ve\/index.php?rest_route=%2Fwp%2Fv2%2Fmedia&parent=96095"}],"wp:term":[{"taxonomy":"category","embeddable":true,"href":"https:\/\/mppee.gob.ve\/index.php?rest_route=%2Fwp%2Fv2%2Fcategories&post=96095"},{"taxonomy":"post_tag","embeddable":true,"href":"https:\/\/mppee.gob.ve\/index.php?rest_route=%2Fwp%2Fv2%2Ftags&post=96095"}],"curies":[{"name":"wp","href":"https:\/\/api.w.org\/{rel}","templated":true}]}}