{"id":96112,"date":"2025-04-08T14:14:02","date_gmt":"2025-04-08T14:14:02","guid":{"rendered":"http:\/\/mppee.gob.ve\/?p=96112"},"modified":"2025-04-08T14:22:04","modified_gmt":"2025-04-08T14:22:04","slug":"corpoelec-brindara-atencion-integral-a-usuarios-portuguesenos","status":"publish","type":"post","link":"https:\/\/mppee.gob.ve\/?p=96112","title":{"rendered":"CORPOELEC brindar\u00e1 atenci\u00f3n integral a usuarios portuguese\u00f1os"},"content":{"rendered":"\n<p><strong>Estado Portuguesa.-<\/strong> El personal de la Corporaci\u00f3n El\u00e9ctrica Nacional (CORPOELEC) realizar\u00e1 Jornadas Integrales de Atenci\u00f3n al Usuario desde este mi\u00e9rcoles 09 hasta el s\u00e1bado 12 de abril, en comunidades de los municipios Araure, San Rafael de Onoto y Agua Blanca.<\/p>\n\n\n\n<p>La actividad, que se llevar\u00e1 a cabo en el horario desde las 8:00 de la ma\u00f1ana hasta las 4:00 de la tarde, permitir\u00e1 a los usuarios efectuar los siguientes tr\u00e1mites: actualizaci\u00f3n de datos, pago de facturas, recepci\u00f3n de notificaci\u00f3n de deuda y solicitudes en materia de energ\u00eda el\u00e9ctrica.<\/p>\n\n\n\n<p>El personal especializado, se desplegar\u00e1 seg\u00fan el siguiente cronograma:<\/p>\n\n\n\n<p>&#8211; Mi\u00e9rcoles 09 de abril: Comunidad Roca del Llano, parroquia Araure, municipio Araure.<\/p>\n\n\n\n<p>&#8211; Jueves 10 de abril: Casco Central &#8211; calle 10, 11 y 12, parroquia Agua Blanca, municipio Agua Blanca.<\/p>\n\n\n\n<p>&#8211; Viernes 11 de abril: Avenida Bol\u00edvar &#8211; Casco Central, parroquia San Rafael de Onoto, municipio San Rafael de Onoto.<\/p>\n\n\n\n<p>&#8211; S\u00e1bado 12 de abril: Comunidad Roca del Llano, parroquia Araure, municipio Araure.<\/p>\n\n\n\n<p>Para mayor informaci\u00f3n sobre las Jornadas Integrales de Atenci\u00f3n al Usuario, pueden visitar la cuenta @corpoelecinfo en la red social Instagram.<\/p>\n\n\n\n<p><strong>Prensa MPPEE-CORPOELEC<\/strong><\/p>\n","protected":false},"excerpt":{"rendered":"<p>Estado Portuguesa.- El personal de la Corporaci\u00f3n El\u00e9ctrica Nacional (CORPOELEC) realizar\u00e1 Jornadas Integrales de Atenci\u00f3n al Usuario desde este mi\u00e9rcoles<\/p>\n","protected":false},"author":24,"featured_media":95771,"comment_status":"closed","ping_status":"closed","sticky":false,"template":"","format":"standard","meta":{"footnotes":""},"categories":[30],"tags":[2691,2803,11,2725,2744,46],"class_list":["post-96112","post","type-post","status-publish","format-standard","has-post-thumbnail","hentry","category-regionales","tag-corpoelec","tag-jornada-de-atencion-al-usuario","tag-mppee","tag-portuguesa","tag-sen","tag-venezuela"],"_links":{"self":[{"href":"https:\/\/mppee.gob.ve\/index.php?rest_route=\/wp\/v2\/posts\/96112","targetHints":{"allow":["GET"]}}],"collection":[{"href":"https:\/\/mppee.gob.ve\/index.php?rest_route=\/wp\/v2\/posts"}],"about":[{"href":"https:\/\/mppee.gob.ve\/index.php?rest_route=\/wp\/v2\/types\/post"}],"author":[{"embeddable":true,"href":"https:\/\/mppee.gob.ve\/index.php?rest_route=\/wp\/v2\/users\/24"}],"replies":[{"embeddable":true,"href":"https:\/\/mppee.gob.ve\/index.php?rest_route=%2Fwp%2Fv2%2Fcomments&post=96112"}],"version-history":[{"count":2,"href":"https:\/\/mppee.gob.ve\/index.php?rest_route=\/wp\/v2\/posts\/96112\/revisions"}],"predecessor-version":[{"id":96114,"href":"https:\/\/mppee.gob.ve\/index.php?rest_route=\/wp\/v2\/posts\/96112\/revisions\/96114"}],"wp:featuredmedia":[{"embeddable":true,"href":"https:\/\/mppee.gob.ve\/index.php?rest_route=\/wp\/v2\/media\/95771"}],"wp:attachment":[{"href":"https:\/\/mppee.gob.ve\/index.php?rest_route=%2Fwp%2Fv2%2Fmedia&parent=96112"}],"wp:term":[{"taxonomy":"category","embeddable":true,"href":"https:\/\/mppee.gob.ve\/index.php?rest_route=%2Fwp%2Fv2%2Fcategories&post=96112"},{"taxonomy":"post_tag","embeddable":true,"href":"https:\/\/mppee.gob.ve\/index.php?rest_route=%2Fwp%2Fv2%2Ftags&post=96112"}],"curies":[{"name":"wp","href":"https:\/\/api.w.org\/{rel}","templated":true}]}}