{"id":96162,"date":"2025-04-09T18:35:34","date_gmt":"2025-04-09T18:35:34","guid":{"rendered":"http:\/\/mppee.gob.ve\/?p=96162"},"modified":"2025-04-09T18:35:35","modified_gmt":"2025-04-09T18:35:35","slug":"continua-ciclo-de-conversatorios-sobre-ahorro-energetico-en-el-sector-publico","status":"publish","type":"post","link":"https:\/\/mppee.gob.ve\/?p=96162","title":{"rendered":"Contin\u00faa ciclo de conversatorios sobre ahorro energ\u00e9tico en el sector p\u00fablico"},"content":{"rendered":"\n<p><strong>Caracas, Distrito Capital.-<\/strong> El Ministerio del Poder Popular para la Energ\u00eda El\u00e9ctrica (MPPEE) a trav\u00e9s del Viceministerio de Nuevas Fuentes y Uso Racional de la Energ\u00eda El\u00e9ctrica, llev\u00f3 a cabo un conversatorio en las instalaciones del Ministerio del Poder Popular para Vivienda y H\u00e1bitat, con el objetivo de promover la cultura de uso responsable de la energ\u00eda el\u00e9ctrica en el sector p\u00fablico.<\/p>\n\n\n\n<p>En este sentido, Tania Masea, viceministra para Nuevas Fuentes y Uso Racional de la Energ\u00eda El\u00e9ctrica, encabez\u00f3 la jornada que busca fomentar pr\u00e1cticas eficientes de consumo el\u00e9ctrico.<\/p>\n\n\n\n<p>Masea enfatiz\u00f3 que, la disminuci\u00f3n del consumo es vital para la preservaci\u00f3n del medio ambiente, adem\u00e1s que asegura la sostenibilidad de los recursos energ\u00e9ticos para las futuras generaciones.<\/p>\n\n\n\n<p>Asimismo, exhort\u00f3 a los servidores p\u00fablicos a convertirse en agentes de cambio, difundiendo pr\u00e1cticas de ahorro energ\u00e9tico en sus espacios de trabajo, as\u00ed como tambi\u00e9n en sus hogares.<\/p>\n\n\n\n<p>Este conversatorio, forma parte de un ciclo de conferencias promovidas por el Viceministerio de Nuevas Fuentes y Uso Racional de la Energ\u00eda El\u00e9ctrica, dise\u00f1adas para fortalecer la educaci\u00f3n en la gesti\u00f3n eficiente de los recursos energ\u00e9ticos.<\/p>\n\n\n\n<p>El MPPEE ratifica su compromiso con la construcci\u00f3n de una cultura energ\u00e9tica, basada en la corresponsabilidad y la conciencia ambiental, en aras de avanzar hacia un modelo energ\u00e9tico m\u00e1s sostenible para la poblaci\u00f3n venezolana.<\/p>\n\n\n\n<p><strong>Prensa Fidelz<\/strong><\/p>\n","protected":false},"excerpt":{"rendered":"<p>Caracas, Distrito Capital.- El Ministerio del Poder Popular para la Energ\u00eda El\u00e9ctrica (MPPEE) a trav\u00e9s del Viceministerio de Nuevas Fuentes<\/p>\n","protected":false},"author":24,"featured_media":96163,"comment_status":"closed","ping_status":"closed","sticky":false,"template":"","format":"standard","meta":{"footnotes":""},"categories":[1],"tags":[2933,11,2744,46],"class_list":["post-96162","post","type-post","status-publish","format-standard","has-post-thumbnail","hentry","category-mppee","tag-ahorro-energetico","tag-mppee","tag-sen","tag-venezuela"],"_links":{"self":[{"href":"https:\/\/mppee.gob.ve\/index.php?rest_route=\/wp\/v2\/posts\/96162","targetHints":{"allow":["GET"]}}],"collection":[{"href":"https:\/\/mppee.gob.ve\/index.php?rest_route=\/wp\/v2\/posts"}],"about":[{"href":"https:\/\/mppee.gob.ve\/index.php?rest_route=\/wp\/v2\/types\/post"}],"author":[{"embeddable":true,"href":"https:\/\/mppee.gob.ve\/index.php?rest_route=\/wp\/v2\/users\/24"}],"replies":[{"embeddable":true,"href":"https:\/\/mppee.gob.ve\/index.php?rest_route=%2Fwp%2Fv2%2Fcomments&post=96162"}],"version-history":[{"count":1,"href":"https:\/\/mppee.gob.ve\/index.php?rest_route=\/wp\/v2\/posts\/96162\/revisions"}],"predecessor-version":[{"id":96164,"href":"https:\/\/mppee.gob.ve\/index.php?rest_route=\/wp\/v2\/posts\/96162\/revisions\/96164"}],"wp:featuredmedia":[{"embeddable":true,"href":"https:\/\/mppee.gob.ve\/index.php?rest_route=\/wp\/v2\/media\/96163"}],"wp:attachment":[{"href":"https:\/\/mppee.gob.ve\/index.php?rest_route=%2Fwp%2Fv2%2Fmedia&parent=96162"}],"wp:term":[{"taxonomy":"category","embeddable":true,"href":"https:\/\/mppee.gob.ve\/index.php?rest_route=%2Fwp%2Fv2%2Fcategories&post=96162"},{"taxonomy":"post_tag","embeddable":true,"href":"https:\/\/mppee.gob.ve\/index.php?rest_route=%2Fwp%2Fv2%2Ftags&post=96162"}],"curies":[{"name":"wp","href":"https:\/\/api.w.org\/{rel}","templated":true}]}}