{"id":96166,"date":"2025-04-10T00:40:42","date_gmt":"2025-04-10T00:40:42","guid":{"rendered":"http:\/\/mppee.gob.ve\/?p=96166"},"modified":"2025-04-10T01:36:11","modified_gmt":"2025-04-10T01:36:11","slug":"anuncian-asueto-para-trabajadores-publicos-por-semana-santa","status":"publish","type":"post","link":"https:\/\/mppee.gob.ve\/?p=96166","title":{"rendered":"Trabajadores p\u00fablicos tendr\u00e1n semana de asueto por ahorro energ\u00e9tico"},"content":{"rendered":"\n<p><strong>San Bernardino, Caracas.- <\/strong>Desde este viernes 11 de abril, los trabajadores del sector p\u00fablico tendr\u00e1n un asueto completo durante la\u00a0Semana Mayor, as\u00ed lo inform\u00f3 la vicepresidenta Ejecutiva de la Rep\u00fablica, Delcy Rodr\u00edguez, durante su participaci\u00f3n en la II Expo Feria Nacional Bufalina, Caprina y Ovina.<\/p>\n\n\n\n<p>Rodr\u00edguez, destac\u00f3 que la medida obedece a las acciones que ejecuta el Gobierno Nacional, para promover el ahorro energ\u00e9tico en el pa\u00eds.<\/p>\n\n\n\n<p>\u201cEn raz\u00f3n de la emergencia clim\u00e1tica y que hemos estado en un plan de ahorro de electricidad y energ\u00e9tico, a partir de este viernes 11 de abril, los trabajadores del sector p\u00fablico van a tener de asueto la Semana Mayor\u201d, puntualiz\u00f3.<\/p>\n\n\n\n<p>En este sentido, record\u00f3 que los sectores que prestan servicios prioritarios quedan exceptuados de esta medida.<\/p>\n\n\n\n<p>El pasado 23 de marzo, el Gobierno Nacional implement\u00f3 medidas de ahorro energ\u00e9tico, en aras de disminuir el consumo de energ\u00eda, debido a problemas derivados por las altas temperaturas, producto del cambio clim\u00e1tico que afecta a escala mundial.<\/p>\n\n\n\n<p><strong>Prensa MPPEE-CORPOELEC \/ Joelin Jim\u00e9nez<\/strong><\/p>\n","protected":false},"excerpt":{"rendered":"<p>San Bernardino, Caracas.- Desde este viernes 11 de abril, los trabajadores del sector p\u00fablico tendr\u00e1n un asueto completo durante la\u00a0Semana<\/p>\n","protected":false},"author":24,"featured_media":96167,"comment_status":"closed","ping_status":"closed","sticky":false,"template":"","format":"standard","meta":{"footnotes":""},"categories":[15],"tags":[2933,111,2982],"class_list":["post-96166","post","type-post","status-publish","format-standard","has-post-thumbnail","hentry","category-nacionales","tag-ahorro-energetico","tag-caracas","tag-semana-santa"],"_links":{"self":[{"href":"https:\/\/mppee.gob.ve\/index.php?rest_route=\/wp\/v2\/posts\/96166","targetHints":{"allow":["GET"]}}],"collection":[{"href":"https:\/\/mppee.gob.ve\/index.php?rest_route=\/wp\/v2\/posts"}],"about":[{"href":"https:\/\/mppee.gob.ve\/index.php?rest_route=\/wp\/v2\/types\/post"}],"author":[{"embeddable":true,"href":"https:\/\/mppee.gob.ve\/index.php?rest_route=\/wp\/v2\/users\/24"}],"replies":[{"embeddable":true,"href":"https:\/\/mppee.gob.ve\/index.php?rest_route=%2Fwp%2Fv2%2Fcomments&post=96166"}],"version-history":[{"count":2,"href":"https:\/\/mppee.gob.ve\/index.php?rest_route=\/wp\/v2\/posts\/96166\/revisions"}],"predecessor-version":[{"id":96169,"href":"https:\/\/mppee.gob.ve\/index.php?rest_route=\/wp\/v2\/posts\/96166\/revisions\/96169"}],"wp:featuredmedia":[{"embeddable":true,"href":"https:\/\/mppee.gob.ve\/index.php?rest_route=\/wp\/v2\/media\/96167"}],"wp:attachment":[{"href":"https:\/\/mppee.gob.ve\/index.php?rest_route=%2Fwp%2Fv2%2Fmedia&parent=96166"}],"wp:term":[{"taxonomy":"category","embeddable":true,"href":"https:\/\/mppee.gob.ve\/index.php?rest_route=%2Fwp%2Fv2%2Fcategories&post=96166"},{"taxonomy":"post_tag","embeddable":true,"href":"https:\/\/mppee.gob.ve\/index.php?rest_route=%2Fwp%2Fv2%2Ftags&post=96166"}],"curies":[{"name":"wp","href":"https:\/\/api.w.org\/{rel}","templated":true}]}}