{"id":96208,"date":"2025-04-11T23:02:26","date_gmt":"2025-04-11T23:02:26","guid":{"rendered":"http:\/\/mppee.gob.ve\/?p=96208"},"modified":"2025-04-11T23:02:28","modified_gmt":"2025-04-11T23:02:28","slug":"auditorio-de-corpoelec-en-el-marques-reabre-sus-puertas","status":"publish","type":"post","link":"https:\/\/mppee.gob.ve\/?p=96208","title":{"rendered":"Auditorio de CORPOELEC en El Marqu\u00e9s reabre sus puertas\u00a0"},"content":{"rendered":"\n<p><strong>El Marqu\u00e9s, estado Miranda.-<\/strong>&nbsp;El vicepresidente de Obras P\u00fablicas y Servicios, Jorge M\u00e1rquez, en compa\u00f1\u00eda de la presidenta de la Asociaci\u00f3n Civil para los Trabajadores y Trabajadoras del Ministerio del Poder Popular para la Energ\u00eda El\u00e9ctrica (Asoelec), Karelyn Poggioli, reinaugur\u00f3 este viernes el auditorio de la Corporaci\u00f3n El\u00e9ctrica Nacional (CORPOELEC), ubicado en El Marqu\u00e9s, estado Miranda.<\/p>\n\n\n\n<p>La rehabilitaci\u00f3n del auditorio contempl\u00f3 un proceso de modernizaci\u00f3n integral, que incluy\u00f3 la renovaci\u00f3n completa de butacas, pisos, alfombras, salas de ba\u00f1o, paredes, sistemas de aire acondicionado e iluminaci\u00f3n, as\u00ed como tambi\u00e9n de las \u00e1reas de utiler\u00eda, recepci\u00f3n y camerinos.<\/p>\n\n\n\n<p>Los trabajos para la reactivaci\u00f3n de este espacio cultural estuvieron liderados por Asoelec, en conjunto con otras dependencias de la estatal el\u00e9ctrica, acci\u00f3n que despert\u00f3 el aplauso y la admiraci\u00f3n de todos los presentes.<\/p>\n\n\n\n<p>El ministro M\u00e1rquez destac\u00f3 el esfuerzo que conllev\u00f3 al logro de este objetivo e indic\u00f3 que es solo el comienzo de la recuperaci\u00f3n integral de los espacios de CORPOELEC a escala nacional.<\/p>\n\n\n\n<p>En sus palabras invit\u00f3 a los trabajadores a disfrutar de este espacio en donde se realizar\u00e1n actividades culturales todos los meses.<\/p>\n\n\n\n<p>\u201cBienvenidos a estas nuevas instalaciones, remodeladas para el disfrute de todos los que formamos parte del Sistema El\u00e9ctrico Nacional. Miren esta belleza para todos nosotros, para que despu\u00e9s de una buena jornada de trabajo podamos compartir, divertirnos, ver una buena obra de teatro\u201d, expres\u00f3.<\/p>\n\n\n\n<p>Para dar apertura a este espacio, los trabajadores y trabajadoras disfrutaron de la presentaci\u00f3n de la Banda de Rock del N\u00facleo Seniat, perteneciente al sistema de orquestas y coros juveniles e infantiles de Venezuela, quienes pusieron a toda la clase trabajadora a corear temas de destacadas agrupaciones de este g\u00e9nero musical, tales como Soda Stereo, Zapato 3, entre otras bandas de renombre internacional.<\/p>\n\n\n\n<p><strong>Prensa MPPEE-CORPOELEC \/ Karla Cotoret<\/strong><\/p>\n\n\n\n<p><\/p>\n","protected":false},"excerpt":{"rendered":"<p>El Marqu\u00e9s, estado Miranda.-&nbsp;El vicepresidente de Obras P\u00fablicas y Servicios, Jorge M\u00e1rquez, en compa\u00f1\u00eda de la presidenta de la Asociaci\u00f3n<\/p>\n","protected":false},"author":24,"featured_media":96230,"comment_status":"closed","ping_status":"closed","sticky":false,"template":"","format":"standard","meta":{"footnotes":""},"categories":[1],"tags":[2691,11,2744,46],"class_list":["post-96208","post","type-post","status-publish","format-standard","has-post-thumbnail","hentry","category-mppee","tag-corpoelec","tag-mppee","tag-sen","tag-venezuela"],"_links":{"self":[{"href":"https:\/\/mppee.gob.ve\/index.php?rest_route=\/wp\/v2\/posts\/96208","targetHints":{"allow":["GET"]}}],"collection":[{"href":"https:\/\/mppee.gob.ve\/index.php?rest_route=\/wp\/v2\/posts"}],"about":[{"href":"https:\/\/mppee.gob.ve\/index.php?rest_route=\/wp\/v2\/types\/post"}],"author":[{"embeddable":true,"href":"https:\/\/mppee.gob.ve\/index.php?rest_route=\/wp\/v2\/users\/24"}],"replies":[{"embeddable":true,"href":"https:\/\/mppee.gob.ve\/index.php?rest_route=%2Fwp%2Fv2%2Fcomments&post=96208"}],"version-history":[{"count":1,"href":"https:\/\/mppee.gob.ve\/index.php?rest_route=\/wp\/v2\/posts\/96208\/revisions"}],"predecessor-version":[{"id":96209,"href":"https:\/\/mppee.gob.ve\/index.php?rest_route=\/wp\/v2\/posts\/96208\/revisions\/96209"}],"wp:featuredmedia":[{"embeddable":true,"href":"https:\/\/mppee.gob.ve\/index.php?rest_route=\/wp\/v2\/media\/96230"}],"wp:attachment":[{"href":"https:\/\/mppee.gob.ve\/index.php?rest_route=%2Fwp%2Fv2%2Fmedia&parent=96208"}],"wp:term":[{"taxonomy":"category","embeddable":true,"href":"https:\/\/mppee.gob.ve\/index.php?rest_route=%2Fwp%2Fv2%2Fcategories&post=96208"},{"taxonomy":"post_tag","embeddable":true,"href":"https:\/\/mppee.gob.ve\/index.php?rest_route=%2Fwp%2Fv2%2Ftags&post=96208"}],"curies":[{"name":"wp","href":"https:\/\/api.w.org\/{rel}","templated":true}]}}