{"id":96219,"date":"2025-04-11T20:24:16","date_gmt":"2025-04-11T20:24:16","guid":{"rendered":"http:\/\/mppee.gob.ve\/?p=96219"},"modified":"2025-04-11T20:25:57","modified_gmt":"2025-04-11T20:25:57","slug":"comunicado-gobierno-nacional-denuncia-nuevo-ataque-terrorista-al-sen","status":"publish","type":"post","link":"https:\/\/mppee.gob.ve\/?p=96219","title":{"rendered":"COMUNICADO | Gobierno Bolivariano denuncia nuevo ataque terrorista al SEN"},"content":{"rendered":"\n<p><strong>San Bernardino, Caracas.- <\/strong>Este viernes 11 de abril, el Gobierno Bolivariano denunci\u00f3 un nuevo ataque terrorista y fascista contra el Sistema El\u00e9ctrico Nacional (SEN), situaci\u00f3n que fue atendida por los equipos de la Corporaci\u00f3n El\u00e9ctrica Nacional (CORPOELEC), recuperando el sistema de manera inmediata.  <\/p>\n\n\n\n<p>A continuaci\u00f3n el comunicado \u00edntegro:<\/p>\n\n\n\n<p class=\"has-text-align-center\">COMUNICADO<\/p>\n\n\n\n<p>Hoy, viernes 11 de abril, denunciamos que nuestro Sistema El\u00e9ctrico Nacional ha sufrido un nuevo ataque terrorista y fascista. No obstante, la situaci\u00f3n fue atendida y recuperado el sistema de manera inmediata.<\/p>\n\n\n\n<p>A esta hora informamos a todo el pa\u00eds, que se han detenido tres (03) individuos quienes han sido identificados como los causantes de este evento y todo apunta hacia los sectores extremistas de la derecha venezolana que quieren perjudicar el asueto de la Semana Santa de nuestro pueblo.<\/p>\n\n\n\n<p>Ante ello, los equipos de nuestra Corporaci\u00f3n El\u00e9ctrica Nacional (CORPOELEC) y del Ministerio del Poder Popular para la Energ\u00eda El\u00e9ctrica, se abocaron a la soluci\u00f3n de este ataque y en tiempo r\u00e9cord hemos logrado recuperar el servicio el\u00e9ctrico a nuestro pueblo.<\/p>\n\n\n\n<p>De igual forma, se estableci\u00f3 comunicaci\u00f3n con el Ministerio del Poder Popular para Relaciones Interiores, Justicia y Paz a fin de activar todos los organismos de seguridad ciudadana para iniciar en lo inmediato una averiguaci\u00f3n exhaustiva del evento.<\/p>\n\n\n\n<p>Desde el Ministerio del Poder Popular para la Energ\u00eda El\u00e9ctrica le reiteramos a este grupo de terroristas: \u00a1No pudieron ni podr\u00e1n! Estamos resueltos a ser libres e independientes de la mano de nuestro presidente Nicol\u00e1s Maduro Moros.<\/p>\n\n\n\n<p class=\"has-text-align-center\">Ministerio del Poder Popular para la Energ\u00eda El\u00e9ctrica<\/p>\n\n\n\n<p><\/p>\n","protected":false},"excerpt":{"rendered":"<p>San Bernardino, Caracas.- Este viernes 11 de abril, el Gobierno Bolivariano denunci\u00f3 un nuevo ataque terrorista y fascista contra el<\/p>\n","protected":false},"author":24,"featured_media":96220,"comment_status":"closed","ping_status":"closed","sticky":false,"template":"","format":"standard","meta":{"footnotes":""},"categories":[15],"tags":[2988,2691,11,2744,46],"class_list":["post-96219","post","type-post","status-publish","format-standard","has-post-thumbnail","hentry","category-nacionales","tag-ataque-terrorista","tag-corpoelec","tag-mppee","tag-sen","tag-venezuela"],"_links":{"self":[{"href":"https:\/\/mppee.gob.ve\/index.php?rest_route=\/wp\/v2\/posts\/96219","targetHints":{"allow":["GET"]}}],"collection":[{"href":"https:\/\/mppee.gob.ve\/index.php?rest_route=\/wp\/v2\/posts"}],"about":[{"href":"https:\/\/mppee.gob.ve\/index.php?rest_route=\/wp\/v2\/types\/post"}],"author":[{"embeddable":true,"href":"https:\/\/mppee.gob.ve\/index.php?rest_route=\/wp\/v2\/users\/24"}],"replies":[{"embeddable":true,"href":"https:\/\/mppee.gob.ve\/index.php?rest_route=%2Fwp%2Fv2%2Fcomments&post=96219"}],"version-history":[{"count":3,"href":"https:\/\/mppee.gob.ve\/index.php?rest_route=\/wp\/v2\/posts\/96219\/revisions"}],"predecessor-version":[{"id":96223,"href":"https:\/\/mppee.gob.ve\/index.php?rest_route=\/wp\/v2\/posts\/96219\/revisions\/96223"}],"wp:featuredmedia":[{"embeddable":true,"href":"https:\/\/mppee.gob.ve\/index.php?rest_route=\/wp\/v2\/media\/96220"}],"wp:attachment":[{"href":"https:\/\/mppee.gob.ve\/index.php?rest_route=%2Fwp%2Fv2%2Fmedia&parent=96219"}],"wp:term":[{"taxonomy":"category","embeddable":true,"href":"https:\/\/mppee.gob.ve\/index.php?rest_route=%2Fwp%2Fv2%2Fcategories&post=96219"},{"taxonomy":"post_tag","embeddable":true,"href":"https:\/\/mppee.gob.ve\/index.php?rest_route=%2Fwp%2Fv2%2Ftags&post=96219"}],"curies":[{"name":"wp","href":"https:\/\/api.w.org\/{rel}","templated":true}]}}