{"id":96278,"date":"2025-04-14T18:23:35","date_gmt":"2025-04-14T18:23:35","guid":{"rendered":"http:\/\/mppee.gob.ve\/?p=96278"},"modified":"2025-04-14T18:23:37","modified_gmt":"2025-04-14T18:23:37","slug":"despliegan-jornada-especial-de-atencion-al-usuario-en-falcon","status":"publish","type":"post","link":"https:\/\/mppee.gob.ve\/?p=96278","title":{"rendered":"Despliegan jornada especial de atenci\u00f3n al usuario en Falc\u00f3n"},"content":{"rendered":"\n<p><strong>Estado Falc\u00f3n.-<\/strong> La clase trabajadora de la Corporaci\u00f3n El\u00e9ctrica Nacional (CORPOELEC) inicio jornada especial de atenci\u00f3n a usuarios comerciales, con el objetivo de fomentar el pago oportuno del servicio de energ\u00eda en la entidad falconiana.\u00a0<\/p>\n\n\n\n<p>Durante la Semana Mayor, la estatal el\u00e9ctrica activar\u00e1 m\u00e1s de 60 agentes comerciales para atender los 25 municipios, ubicados en los ejes de la Pen\u00ednsula de Paraguan\u00e1, occidente, eje central, la sierra y la costa oriental, donde se activar\u00e1n puntos de atenci\u00f3n directa.<\/p>\n\n\n\n<p>La jornada personalizada, permitir\u00e1 brindar asesor\u00eda de sobre el pago oportuno del servicio, nuevos contratos, actualizaci\u00f3n de datos, estado de cuenta, asesor\u00eda de Banca en L\u00ednea y la atenci\u00f3n a nuevos suscriptores.<\/p>\n\n\n\n<p>El horario de atenci\u00f3n se realizar\u00e1 desde las 8:00 de la ma\u00f1ana hasta las 5:00 de la tarde.&nbsp;<\/p>\n\n\n\n<p>Igualmente, la jornada contempla visitas personalizadas a usuarios comerciales de establecimientos nocturnos, para verificar el consumo eficiente de energ\u00eda, regular los puntos de conexi\u00f3n y atender solicitudes, a fin de fomentar la atenci\u00f3n efectiva y directa de los usuarios.<\/p>\n\n\n\n<p>Para mayor informaci\u00f3n sobre las Jornadas Integrales de Atenci\u00f3n al Usuario, puede visitar la cuenta @corpoelecinfo en la red social Instagram.<\/p>\n\n\n\n<p><strong>Prensa MPPEE-CORPOELEC<\/strong><\/p>\n","protected":false},"excerpt":{"rendered":"<p>Estado Falc\u00f3n.- La clase trabajadora de la Corporaci\u00f3n El\u00e9ctrica Nacional (CORPOELEC) inicio jornada especial de atenci\u00f3n a usuarios comerciales, con<\/p>\n","protected":false},"author":24,"featured_media":95868,"comment_status":"closed","ping_status":"closed","sticky":false,"template":"","format":"standard","meta":{"footnotes":""},"categories":[30],"tags":[2691,2695,2803,11,2744,46],"class_list":["post-96278","post","type-post","status-publish","format-standard","has-post-thumbnail","hentry","category-regionales","tag-corpoelec","tag-falcon","tag-jornada-de-atencion-al-usuario","tag-mppee","tag-sen","tag-venezuela"],"_links":{"self":[{"href":"https:\/\/mppee.gob.ve\/index.php?rest_route=\/wp\/v2\/posts\/96278","targetHints":{"allow":["GET"]}}],"collection":[{"href":"https:\/\/mppee.gob.ve\/index.php?rest_route=\/wp\/v2\/posts"}],"about":[{"href":"https:\/\/mppee.gob.ve\/index.php?rest_route=\/wp\/v2\/types\/post"}],"author":[{"embeddable":true,"href":"https:\/\/mppee.gob.ve\/index.php?rest_route=\/wp\/v2\/users\/24"}],"replies":[{"embeddable":true,"href":"https:\/\/mppee.gob.ve\/index.php?rest_route=%2Fwp%2Fv2%2Fcomments&post=96278"}],"version-history":[{"count":1,"href":"https:\/\/mppee.gob.ve\/index.php?rest_route=\/wp\/v2\/posts\/96278\/revisions"}],"predecessor-version":[{"id":96279,"href":"https:\/\/mppee.gob.ve\/index.php?rest_route=\/wp\/v2\/posts\/96278\/revisions\/96279"}],"wp:featuredmedia":[{"embeddable":true,"href":"https:\/\/mppee.gob.ve\/index.php?rest_route=\/wp\/v2\/media\/95868"}],"wp:attachment":[{"href":"https:\/\/mppee.gob.ve\/index.php?rest_route=%2Fwp%2Fv2%2Fmedia&parent=96278"}],"wp:term":[{"taxonomy":"category","embeddable":true,"href":"https:\/\/mppee.gob.ve\/index.php?rest_route=%2Fwp%2Fv2%2Fcategories&post=96278"},{"taxonomy":"post_tag","embeddable":true,"href":"https:\/\/mppee.gob.ve\/index.php?rest_route=%2Fwp%2Fv2%2Ftags&post=96278"}],"curies":[{"name":"wp","href":"https:\/\/api.w.org\/{rel}","templated":true}]}}