{"id":96302,"date":"2025-04-15T17:24:09","date_gmt":"2025-04-15T17:24:09","guid":{"rendered":"http:\/\/mppee.gob.ve\/?p=96302"},"modified":"2025-04-21T17:23:18","modified_gmt":"2025-04-21T17:23:18","slug":"nuevo-circuito-progreso-fortalece-red-de-distribucion-en-barinas","status":"publish","type":"post","link":"https:\/\/mppee.gob.ve\/?p=96302","title":{"rendered":"Nuevo circuito Progreso fortalece red de distribuci\u00f3n en Barinas\u00a0"},"content":{"rendered":"\n<p><strong>Estado Barinas.-<\/strong>&nbsp;Comprometidos en fortalecer la red de distribuci\u00f3n, la clase trabajadora de la Corporaci\u00f3n El\u00e9ctrica Nacional (CORPOELEC) activ\u00f3 el nuevo circuito Progreso, para optimizar el suministro de energ\u00eda a 3 mil 500 usuarios del municipio Barinas.&nbsp;<\/p>\n\n\n\n<p>Para el funcionamiento de este alimentador asociado a la Subestaci\u00f3n Varyn\u00e1 115kV, el personal realiz\u00f3 mediciones, mantenimiento general a la infraestructura, ajustes de seccionadores e instal\u00f3 un polo disyuntor en celdas, as\u00ed como pruebas funcionales a los rel\u00e9s y equipos de potencia.&nbsp;<\/p>\n\n\n\n<p>La puesta en servicio de esta red favorece los usuarios de las urbanizaciones Linda Barinas, Villa Kristal, Villa Caribe, Curagua, Caron\u00ed y parte de Santiago Mari\u00f1o, adem\u00e1s de establecimientos&nbsp;comerciales e instituciones&nbsp;p\u00fablicas&nbsp;adyacentes a&nbsp;&nbsp;la avenida Ezequiel Zamora.<\/p>\n\n\n\n<p>Wilfredo Agudo, trabajador de la Gerencia de Distribuci\u00f3n, expres\u00f3 que estas labores son ejecutadas como parte de las maniobras planificadas en funci\u00f3n de brindar un mejor servicio a la poblaci\u00f3n.&nbsp;<\/p>\n\n\n\n<p>\u00abCon la activaci\u00f3n de este circuito se optimiza el proceso de suministro de energ\u00eda a los usuarios barineses que pasaron a ser servidos por esta instalaci\u00f3n de media tensi\u00f3n\u00bb, enfatiz\u00f3 Agudo.&nbsp;<\/p>\n\n\n\n<p>Las labores efectuadas de manera progresiva en esta red de la parroquia Alto Barinas, forman parte de los proyectos que impulsa el Ministerio del Poder Popular para la Energ\u00eda El\u00e9ctrica (MPPEE) con el objetivo de brindar bienestar a la poblaci\u00f3n venezolana.<\/p>\n\n\n\n<p><strong>Prensa MPPEE-Corpoelec<\/strong><\/p>\n","protected":false},"excerpt":{"rendered":"<p>Estado Barinas.-&nbsp;Comprometidos en fortalecer la red de distribuci\u00f3n, la clase trabajadora de la Corporaci\u00f3n El\u00e9ctrica Nacional (CORPOELEC) activ\u00f3 el nuevo<\/p>\n","protected":false},"author":22,"featured_media":96303,"comment_status":"closed","ping_status":"closed","sticky":false,"template":"","format":"standard","meta":{"footnotes":""},"categories":[30],"tags":[],"class_list":["post-96302","post","type-post","status-publish","format-standard","has-post-thumbnail","hentry","category-regionales"],"_links":{"self":[{"href":"https:\/\/mppee.gob.ve\/index.php?rest_route=\/wp\/v2\/posts\/96302","targetHints":{"allow":["GET"]}}],"collection":[{"href":"https:\/\/mppee.gob.ve\/index.php?rest_route=\/wp\/v2\/posts"}],"about":[{"href":"https:\/\/mppee.gob.ve\/index.php?rest_route=\/wp\/v2\/types\/post"}],"author":[{"embeddable":true,"href":"https:\/\/mppee.gob.ve\/index.php?rest_route=\/wp\/v2\/users\/22"}],"replies":[{"embeddable":true,"href":"https:\/\/mppee.gob.ve\/index.php?rest_route=%2Fwp%2Fv2%2Fcomments&post=96302"}],"version-history":[{"count":1,"href":"https:\/\/mppee.gob.ve\/index.php?rest_route=\/wp\/v2\/posts\/96302\/revisions"}],"predecessor-version":[{"id":96304,"href":"https:\/\/mppee.gob.ve\/index.php?rest_route=\/wp\/v2\/posts\/96302\/revisions\/96304"}],"wp:featuredmedia":[{"embeddable":true,"href":"https:\/\/mppee.gob.ve\/index.php?rest_route=\/wp\/v2\/media\/96303"}],"wp:attachment":[{"href":"https:\/\/mppee.gob.ve\/index.php?rest_route=%2Fwp%2Fv2%2Fmedia&parent=96302"}],"wp:term":[{"taxonomy":"category","embeddable":true,"href":"https:\/\/mppee.gob.ve\/index.php?rest_route=%2Fwp%2Fv2%2Fcategories&post=96302"},{"taxonomy":"post_tag","embeddable":true,"href":"https:\/\/mppee.gob.ve\/index.php?rest_route=%2Fwp%2Fv2%2Ftags&post=96302"}],"curies":[{"name":"wp","href":"https:\/\/api.w.org\/{rel}","templated":true}]}}