{"id":96424,"date":"2025-04-23T17:55:17","date_gmt":"2025-04-23T17:55:17","guid":{"rendered":"http:\/\/mppee.gob.ve\/?p=96424"},"modified":"2025-04-28T16:46:21","modified_gmt":"2025-04-28T16:46:21","slug":"constatan-operatividad-de-instalaciones-electricas-de-carabobo","status":"publish","type":"post","link":"https:\/\/mppee.gob.ve\/?p=96424","title":{"rendered":"Constatan operatividad de instalaciones el\u00e9ctricas de Carabobo"},"content":{"rendered":"\n<p><strong>Estado Carabobo.-<\/strong> De la mano de trabajadores y trabajadoras de la Corporaci\u00f3n El\u00e9ctrica Nacional (CORPOELEC), el ministro del Poder Popular para la Energ\u00eda El\u00e9ctrica, Jorge M\u00e1rquez, constata los niveles de operatividad de las instalaciones el\u00e9ctricas que tributan a la generaci\u00f3n de la Regi\u00f3n Central.<\/p>\n\n\n\n<p>A partir de un di\u00e1logo propositivo, como elemento necesario para repasar tareas y establecer nuevos objetivos, recorri\u00f3 las \u00e1reas operativas de la Planta de Generaci\u00f3n Termocarabobo y la Planta Termoel\u00e9ctrica \u00abPedro Camejo\u00bb, ubicadas en el estado Carabobo, donde peri\u00f3dicamente se realizan maniobras de mantenimiento preventivo y correctivo.<\/p>\n\n\n\n<p>Este lunes, el tambi\u00e9n vicepresidente de Obras P\u00fablicas y Servicios, Jorge M\u00e1rquez, abord\u00f3 la necesidad de renovar permanentemente los m\u00e9todos de trabajo para avanzar en la estabilizaci\u00f3n del Sistema El\u00e9ctrico Nacional (SEN) desde el Centro Estadal de Despacho de CORPOELEC.<\/p>\n\n\n\n<p>Precisamente, fortalecer el suministro de electricidad es uno de los compromisos asumidos por trabajadores y trabajadoras, cuya determinaci\u00f3n ha permitido superar desaf\u00edos en correspondencia con las instrucciones emanadas por el presidente de la Rep\u00fablica, Nicol\u00e1s Maduro.<\/p>\n\n\n\n<p><strong>Prensa MPPEE-CORPOELEC<\/strong><\/p>\n","protected":false},"excerpt":{"rendered":"<p>Estado Carabobo.- De la mano de trabajadores y trabajadoras de la Corporaci\u00f3n El\u00e9ctrica Nacional (CORPOELEC), el ministro del Poder Popular<\/p>\n","protected":false},"author":24,"featured_media":96425,"comment_status":"closed","ping_status":"closed","sticky":false,"template":"","format":"standard","meta":{"footnotes":""},"categories":[15],"tags":[2692,2691,11,2744,46],"class_list":["post-96424","post","type-post","status-publish","format-standard","has-post-thumbnail","hentry","category-nacionales","tag-carabobo","tag-corpoelec","tag-mppee","tag-sen","tag-venezuela"],"_links":{"self":[{"href":"https:\/\/mppee.gob.ve\/index.php?rest_route=\/wp\/v2\/posts\/96424","targetHints":{"allow":["GET"]}}],"collection":[{"href":"https:\/\/mppee.gob.ve\/index.php?rest_route=\/wp\/v2\/posts"}],"about":[{"href":"https:\/\/mppee.gob.ve\/index.php?rest_route=\/wp\/v2\/types\/post"}],"author":[{"embeddable":true,"href":"https:\/\/mppee.gob.ve\/index.php?rest_route=\/wp\/v2\/users\/24"}],"replies":[{"embeddable":true,"href":"https:\/\/mppee.gob.ve\/index.php?rest_route=%2Fwp%2Fv2%2Fcomments&post=96424"}],"version-history":[{"count":3,"href":"https:\/\/mppee.gob.ve\/index.php?rest_route=\/wp\/v2\/posts\/96424\/revisions"}],"predecessor-version":[{"id":96564,"href":"https:\/\/mppee.gob.ve\/index.php?rest_route=\/wp\/v2\/posts\/96424\/revisions\/96564"}],"wp:featuredmedia":[{"embeddable":true,"href":"https:\/\/mppee.gob.ve\/index.php?rest_route=\/wp\/v2\/media\/96425"}],"wp:attachment":[{"href":"https:\/\/mppee.gob.ve\/index.php?rest_route=%2Fwp%2Fv2%2Fmedia&parent=96424"}],"wp:term":[{"taxonomy":"category","embeddable":true,"href":"https:\/\/mppee.gob.ve\/index.php?rest_route=%2Fwp%2Fv2%2Fcategories&post=96424"},{"taxonomy":"post_tag","embeddable":true,"href":"https:\/\/mppee.gob.ve\/index.php?rest_route=%2Fwp%2Fv2%2Ftags&post=96424"}],"curies":[{"name":"wp","href":"https:\/\/api.w.org\/{rel}","templated":true}]}}