{"id":96438,"date":"2025-04-24T13:42:32","date_gmt":"2025-04-24T13:42:32","guid":{"rendered":"http:\/\/mppee.gob.ve\/?p=96438"},"modified":"2025-04-24T13:42:34","modified_gmt":"2025-04-24T13:42:34","slug":"atenderan-a-usuarios-yaracuyanos-en-jornadas-integrales","status":"publish","type":"post","link":"https:\/\/mppee.gob.ve\/?p=96438","title":{"rendered":"Atender\u00e1n a usuarios yaracuyanos en jornadas integrales"},"content":{"rendered":"\n<p><strong>Estado Yaracuy.-<\/strong> Este viernes 25 de abril, la clase trabajadora de la Corporaci\u00f3n El\u00e9ctrica Nacional (CORPOELEC) a trav\u00e9s de los Centros Integrales de Atenci\u00f3n al Usuario (CIAU), llevar\u00e1 a cabo jornadas integrales, para brindar asesor\u00eda a usuarios yaracuyanos en materia de energ\u00eda el\u00e9ctrica.<\/p>\n\n\n\n<p>Los usuarios residenciales y comerciales recibir\u00e1n asistencia personalizada y notificaciones de deuda, adem\u00e1s podr\u00e1n actualizar datos y cumplir con el pago de sus facturas a trav\u00e9s del punto de venta, como \u00fanico m\u00e9todo autorizado para cancelar.<\/p>\n\n\n\n<p>El personal de CORPOELEC, atender\u00e1 en un horario comprendido desde las 08:30 de la ma\u00f1ana hasta las 03:30 de la tarde, en los municipios San Felipe, Bruzual, Pe\u00f1a, Bol\u00edvar y Urachiche.<\/p>\n\n\n\n<p>Los stands de los CIAU estar\u00e1n ubicados en las siguientes direcciones:<\/p>\n\n\n\n<p>&#8211; Centro Comercial Aracoi C.A, avenida La Patria con avenida 2, frente al terminal urbano Domingo Aponte Barrios. San Felipe.<\/p>\n\n\n\n<p>&#8211; Avenida Trocadero, entre carrera 14 y calle de servicio, edificio Zona Yaritagua, municipio Pe\u00f1a.<\/p>\n\n\n\n<p>&#8211; Sector Casa de Tejas, frente al Ateneo de Aroa, municipio Bol\u00edvar.<\/p>\n\n\n\n<p>&#8211; Calle 7 esquina avenida 8, sector La Pe\u00f1ita, Casco Central Chivacoa, municipio Bruzual.<\/p>\n\n\n\n<p>&#8211; Calle 7, entre carreras 2 y 3, Mini Centro Comercial Juana Paula, municipio Urachiche.<\/p>\n\n\n\n<p>Para mayor informaci\u00f3n sobre las Jornadas Integrales de Atenci\u00f3n al Usuario, pueden visitar la cuenta @corpoelecinfo en la red social Instagram.<\/p>\n\n\n\n<p><strong>Prensa MPPEE-CORPOELEC<\/strong><\/p>\n\n\n\n<p><\/p>\n","protected":false},"excerpt":{"rendered":"<p>Estado Yaracuy.- Este viernes 25 de abril, la clase trabajadora de la Corporaci\u00f3n El\u00e9ctrica Nacional (CORPOELEC) a trav\u00e9s de los<\/p>\n","protected":false},"author":24,"featured_media":95861,"comment_status":"closed","ping_status":"closed","sticky":false,"template":"","format":"standard","meta":{"footnotes":""},"categories":[30],"tags":[2691,2803,11,2744,46,2726],"class_list":["post-96438","post","type-post","status-publish","format-standard","has-post-thumbnail","hentry","category-regionales","tag-corpoelec","tag-jornada-de-atencion-al-usuario","tag-mppee","tag-sen","tag-venezuela","tag-yaracuy"],"_links":{"self":[{"href":"https:\/\/mppee.gob.ve\/index.php?rest_route=\/wp\/v2\/posts\/96438","targetHints":{"allow":["GET"]}}],"collection":[{"href":"https:\/\/mppee.gob.ve\/index.php?rest_route=\/wp\/v2\/posts"}],"about":[{"href":"https:\/\/mppee.gob.ve\/index.php?rest_route=\/wp\/v2\/types\/post"}],"author":[{"embeddable":true,"href":"https:\/\/mppee.gob.ve\/index.php?rest_route=\/wp\/v2\/users\/24"}],"replies":[{"embeddable":true,"href":"https:\/\/mppee.gob.ve\/index.php?rest_route=%2Fwp%2Fv2%2Fcomments&post=96438"}],"version-history":[{"count":1,"href":"https:\/\/mppee.gob.ve\/index.php?rest_route=\/wp\/v2\/posts\/96438\/revisions"}],"predecessor-version":[{"id":96439,"href":"https:\/\/mppee.gob.ve\/index.php?rest_route=\/wp\/v2\/posts\/96438\/revisions\/96439"}],"wp:featuredmedia":[{"embeddable":true,"href":"https:\/\/mppee.gob.ve\/index.php?rest_route=\/wp\/v2\/media\/95861"}],"wp:attachment":[{"href":"https:\/\/mppee.gob.ve\/index.php?rest_route=%2Fwp%2Fv2%2Fmedia&parent=96438"}],"wp:term":[{"taxonomy":"category","embeddable":true,"href":"https:\/\/mppee.gob.ve\/index.php?rest_route=%2Fwp%2Fv2%2Fcategories&post=96438"},{"taxonomy":"post_tag","embeddable":true,"href":"https:\/\/mppee.gob.ve\/index.php?rest_route=%2Fwp%2Fv2%2Ftags&post=96438"}],"curies":[{"name":"wp","href":"https:\/\/api.w.org\/{rel}","templated":true}]}}