{"id":96489,"date":"2025-04-25T13:27:05","date_gmt":"2025-04-25T13:27:05","guid":{"rendered":"http:\/\/mppee.gob.ve\/?p=96489"},"modified":"2025-04-25T13:27:17","modified_gmt":"2025-04-25T13:27:17","slug":"usuarios-mirandinos-seran-atendidos-en-jornadas-integrales","status":"publish","type":"post","link":"https:\/\/mppee.gob.ve\/?p=96489","title":{"rendered":"Usuarios mirandinos ser\u00e1n atendidos en jornadas integrales"},"content":{"rendered":"\n<p><strong>Estado Miranda.-<\/strong> La Corporaci\u00f3n El\u00e9ctrica Nacional (CORPOELEC), llevar\u00e1 a cabo este s\u00e1bado 26 de abril, Jornadas Integrales de Atenci\u00f3n al Usuario en comunidades del estado Miranda.<\/p>\n\n\n\n<p>Los usuarios y usuarias residenciales y comerciales recibir\u00e1n atenci\u00f3n personalizada, para realizar actualizaci\u00f3n de datos, consulta de saldo, recibir asesor\u00eda sobre su servicio el\u00e9ctrico y pagar sus facturas a trav\u00e9s de los puntos de ventas autorizados.<\/p>\n\n\n\n<p>El horario de atenci\u00f3n ser\u00e1 desde las 09:00 de la ma\u00f1ana hasta las 02:00 de la tarde.<\/p>\n\n\n\n<p>A continuaci\u00f3n, conozca los puntos donde se ubicar\u00e1n los stands:<\/p>\n\n\n\n<p>&#8211; Centro Comercial Galer\u00edas Las Am\u00e9ricas, piso 1, carretera Panamericana, kil\u00f3metro 15, municipio Los Salias.<\/p>\n\n\n\n<p>&#8211; Centro Comercial Libador, planta baja, Casco Central de Paracotos, municipio Guaicaipuro.<\/p>\n\n\n\n<p>&#8211; Centro Comercial Luz El\u00e9ctrica, calle Miquil\u00e9n, piso 2, municipio Guaicaipuro.<\/p>\n\n\n\n<p>&#8211; Sector La Matica, Conjunto Residencial Parque Las Am\u00e9ricas Residencias El Tuqueque, municipio Guaicaipuro.<\/p>\n\n\n\n<p>Es importante destacar que, el \u00fanico m\u00e9todo de pago autorizado ser\u00e1 punto de venta.<\/p>\n\n\n\n<p>Para mayor informaci\u00f3n sobre las Jornadas Integrales de Atenci\u00f3n al Usuario, pueden visitar la cuenta @corpoelecinfo en la red social Instagram.<\/p>\n\n\n\n<p><strong>Prensa MPPEE-CORPOELEC<\/strong><\/p>\n\n\n\n<p><\/p>\n","protected":false},"excerpt":{"rendered":"<p>Estado Miranda.- La Corporaci\u00f3n El\u00e9ctrica Nacional (CORPOELEC), llevar\u00e1 a cabo este s\u00e1bado 26 de abril, Jornadas Integrales de Atenci\u00f3n al<\/p>\n","protected":false},"author":24,"featured_media":95861,"comment_status":"closed","ping_status":"closed","sticky":false,"template":"","format":"standard","meta":{"footnotes":""},"categories":[30],"tags":[2691,2803,2709,11,2744,46],"class_list":["post-96489","post","type-post","status-publish","format-standard","has-post-thumbnail","hentry","category-regionales","tag-corpoelec","tag-jornada-de-atencion-al-usuario","tag-miranda","tag-mppee","tag-sen","tag-venezuela"],"_links":{"self":[{"href":"https:\/\/mppee.gob.ve\/index.php?rest_route=\/wp\/v2\/posts\/96489","targetHints":{"allow":["GET"]}}],"collection":[{"href":"https:\/\/mppee.gob.ve\/index.php?rest_route=\/wp\/v2\/posts"}],"about":[{"href":"https:\/\/mppee.gob.ve\/index.php?rest_route=\/wp\/v2\/types\/post"}],"author":[{"embeddable":true,"href":"https:\/\/mppee.gob.ve\/index.php?rest_route=\/wp\/v2\/users\/24"}],"replies":[{"embeddable":true,"href":"https:\/\/mppee.gob.ve\/index.php?rest_route=%2Fwp%2Fv2%2Fcomments&post=96489"}],"version-history":[{"count":2,"href":"https:\/\/mppee.gob.ve\/index.php?rest_route=\/wp\/v2\/posts\/96489\/revisions"}],"predecessor-version":[{"id":96491,"href":"https:\/\/mppee.gob.ve\/index.php?rest_route=\/wp\/v2\/posts\/96489\/revisions\/96491"}],"wp:featuredmedia":[{"embeddable":true,"href":"https:\/\/mppee.gob.ve\/index.php?rest_route=\/wp\/v2\/media\/95861"}],"wp:attachment":[{"href":"https:\/\/mppee.gob.ve\/index.php?rest_route=%2Fwp%2Fv2%2Fmedia&parent=96489"}],"wp:term":[{"taxonomy":"category","embeddable":true,"href":"https:\/\/mppee.gob.ve\/index.php?rest_route=%2Fwp%2Fv2%2Fcategories&post=96489"},{"taxonomy":"post_tag","embeddable":true,"href":"https:\/\/mppee.gob.ve\/index.php?rest_route=%2Fwp%2Fv2%2Ftags&post=96489"}],"curies":[{"name":"wp","href":"https:\/\/api.w.org\/{rel}","templated":true}]}}