{"id":96651,"date":"2025-05-01T00:11:42","date_gmt":"2025-05-01T00:11:42","guid":{"rendered":"http:\/\/mppee.gob.ve\/?p=96651"},"modified":"2025-05-01T00:11:44","modified_gmt":"2025-05-01T00:11:44","slug":"medidores-inteligentes-seran-fabricados-en-venezuela","status":"publish","type":"post","link":"https:\/\/mppee.gob.ve\/?p=96651","title":{"rendered":"Medidores inteligentes ser\u00e1n fabricados en Venezuela"},"content":{"rendered":"\n<p><strong>Estado Bol\u00edvar.-<\/strong>&nbsp;Durante la jornada de trabajo por la celebraci\u00f3n del 14\u00b0 Aniversario de la Gran Misi\u00f3n Vivienda Venezuela, el presidente de la Rep\u00fablica, Nicol\u00e1s Maduro, inform\u00f3 que los medidores inteligentes que actualmente est\u00e1n siendo instalados, por la Corporaci\u00f3n El\u00e9ctrica Nacional (CORPOELEC) en distintos espacios habitacionales, pronto ser\u00e1n fabricados en el pa\u00eds.<\/p>\n\n\n\n<p>Desde el Urbanismo \u201cEl Gigante de Ciudad Bol\u00edvar\u201d, ubicado en Ciudad Guayana, en el estado Bol\u00edvar, el Mandatario adelant\u00f3 que estos equipos representan un nuevo avance en materia tecnol\u00f3gica para Venezuela.<\/p>\n\n\n\n<p>\u201cEsos son los medidores que estamos trayendo. Pronto los vamos a fabricar en Venezuela para que cada quien tenga de manera electr\u00f3nica, como debe ser un pa\u00eds moderno, tenga el seguimiento de su consumo el\u00e9ctrico, su medidor\u201d, indic\u00f3.<\/p>\n\n\n\n<p>Asimismo, se\u00f1al\u00f3 que la aplicaci\u00f3n de esta iniciativa, busca ser m\u00e1s eficiente al momento de mostrar al usuario su consumo el\u00e9ctrico en tiempo real.<\/p>\n\n\n\n<p>\u201cAqu\u00ed puede ver en su computador, hasta por el tel\u00e9fono saber c\u00f3mo est\u00e1 el consumo. Ahorrar todo lo que se pueda ahorrar y tener su servicio moderno, avanzado\u201d, enfatiz\u00f3.<\/p>\n\n\n\n<p>El Gobierno Nacional viene realizando grandes esfuerzos para optimizar la calidad del servicio el\u00e9ctrico, e invita a los ciudadanos a fomentar la conciencia para dar mejor uso a la electricidad.<\/p>\n\n\n\n<p><strong>Prensa MPPEE-CORPOELEC \/ Mar\u00eda Mercedes Noguera<\/strong><\/p>\n","protected":false},"excerpt":{"rendered":"<p>Estado Bol\u00edvar.-&nbsp;Durante la jornada de trabajo por la celebraci\u00f3n del 14\u00b0 Aniversario de la Gran Misi\u00f3n Vivienda Venezuela, el presidente<\/p>\n","protected":false},"author":22,"featured_media":96652,"comment_status":"closed","ping_status":"closed","sticky":false,"template":"","format":"standard","meta":{"footnotes":""},"categories":[15],"tags":[2691,11,2744,46],"class_list":["post-96651","post","type-post","status-publish","format-standard","has-post-thumbnail","hentry","category-nacionales","tag-corpoelec","tag-mppee","tag-sen","tag-venezuela"],"_links":{"self":[{"href":"https:\/\/mppee.gob.ve\/index.php?rest_route=\/wp\/v2\/posts\/96651","targetHints":{"allow":["GET"]}}],"collection":[{"href":"https:\/\/mppee.gob.ve\/index.php?rest_route=\/wp\/v2\/posts"}],"about":[{"href":"https:\/\/mppee.gob.ve\/index.php?rest_route=\/wp\/v2\/types\/post"}],"author":[{"embeddable":true,"href":"https:\/\/mppee.gob.ve\/index.php?rest_route=\/wp\/v2\/users\/22"}],"replies":[{"embeddable":true,"href":"https:\/\/mppee.gob.ve\/index.php?rest_route=%2Fwp%2Fv2%2Fcomments&post=96651"}],"version-history":[{"count":1,"href":"https:\/\/mppee.gob.ve\/index.php?rest_route=\/wp\/v2\/posts\/96651\/revisions"}],"predecessor-version":[{"id":96653,"href":"https:\/\/mppee.gob.ve\/index.php?rest_route=\/wp\/v2\/posts\/96651\/revisions\/96653"}],"wp:featuredmedia":[{"embeddable":true,"href":"https:\/\/mppee.gob.ve\/index.php?rest_route=\/wp\/v2\/media\/96652"}],"wp:attachment":[{"href":"https:\/\/mppee.gob.ve\/index.php?rest_route=%2Fwp%2Fv2%2Fmedia&parent=96651"}],"wp:term":[{"taxonomy":"category","embeddable":true,"href":"https:\/\/mppee.gob.ve\/index.php?rest_route=%2Fwp%2Fv2%2Fcategories&post=96651"},{"taxonomy":"post_tag","embeddable":true,"href":"https:\/\/mppee.gob.ve\/index.php?rest_route=%2Fwp%2Fv2%2Ftags&post=96651"}],"curies":[{"name":"wp","href":"https:\/\/api.w.org\/{rel}","templated":true}]}}