{"id":96659,"date":"2025-05-01T18:39:38","date_gmt":"2025-05-01T18:39:38","guid":{"rendered":"http:\/\/mppee.gob.ve\/?p=96659"},"modified":"2025-05-02T16:16:27","modified_gmt":"2025-05-02T16:16:27","slug":"ministro-marquez-destaca-esfuerzo-y-dedicacion-de-la-clase-obrera-del-sen","status":"publish","type":"post","link":"https:\/\/mppee.gob.ve\/?p=96659","title":{"rendered":"Ministro M\u00e1rquez destaca esfuerzo y dedicaci\u00f3n de la clase obrera del SEN"},"content":{"rendered":"\n<p><strong>La Fr\u00eda, estado T\u00e1chira.- \u201c<\/strong>Hoy primero de mayo que mejor motivo para celebrar el D\u00eda del Trabajador que trabajar como lo hacemos todos los d\u00edas, las 24 horas al d\u00eda. Hoy estamos desde Planta T\u00e1chira poniendo en funcionamiento la m\u00e1quina N\u00b0 8 de esta Planta\u201d.<\/p>\n\n\n\n<p>Las palabras corresponden al ministro del Poder Popular para la Energ\u00eda El\u00e9ctrica, Jorge M\u00e1rquez, quien destac\u00f3 el trabajo, dedicaci\u00f3n y esfuerzo de la clase trabajadora para poner en funcionamiento y \u00f3ptimas condiciones la m\u00e1quina N\u00b0 8 de esta importante instalaci\u00f3n el\u00e9ctrica para la entidad andina.<\/p>\n\n\n\n<p>\u201cEn nombre de nuestro presidente Maduro, quiero agradecer lo que hacen a diario para lograr levantar y desarrollar este pa\u00eds tan grandioso, tan grande y tan potente que tanto necesita de nosotros (\u2026) Incre\u00edble todo el trabajo que se ha hecho en Planta T\u00e1chira y en el resto del pa\u00eds\u201d, subray\u00f3 el Ministro rodeado de la clase trabajadora de la Planta.<\/p>\n\n\n\n<p>M\u00e1rquez reconoci\u00f3 el papel importante de los trabajadores y trabjaadoras durante los procesos de generaci\u00f3n, transmisi\u00f3n, distribuci\u00f3n y comercializaci\u00f3n de la energ\u00eda en las comunidades del pa\u00eds, al tiempo que subray\u00f3 los esfuerzos que realiza el presidente de la Rep\u00fablica, Nicol\u00e1s Maduro, por garantizar la estabilidad social de la clase trabajadora.<\/p>\n\n\n\n<p>\u201cVamos a seguir trabajando, vamos a seguir ayudando a nuestro presidente Nicol\u00e1s Maduro, para sacar a este pa\u00eds adelante y convertirlo en una Patria grande \u00a1Venceremos!\u201d, concluy\u00f3 M\u00e1rquez.<\/p>\n\n\n\n<p><strong>Prensa MPPEE-CORPOELEC \/Joelin Jim\u00e9nez<\/strong><\/p>\n","protected":false},"excerpt":{"rendered":"<p>La Fr\u00eda, estado T\u00e1chira.- \u201cHoy primero de mayo que mejor motivo para celebrar el D\u00eda del Trabajador que trabajar como<\/p>\n","protected":false},"author":24,"featured_media":96660,"comment_status":"closed","ping_status":"closed","sticky":false,"template":"","format":"standard","meta":{"footnotes":""},"categories":[15],"tags":[2691,11,2744,2700,46],"class_list":["post-96659","post","type-post","status-publish","format-standard","has-post-thumbnail","hentry","category-nacionales","tag-corpoelec","tag-mppee","tag-sen","tag-tachira","tag-venezuela"],"_links":{"self":[{"href":"https:\/\/mppee.gob.ve\/index.php?rest_route=\/wp\/v2\/posts\/96659","targetHints":{"allow":["GET"]}}],"collection":[{"href":"https:\/\/mppee.gob.ve\/index.php?rest_route=\/wp\/v2\/posts"}],"about":[{"href":"https:\/\/mppee.gob.ve\/index.php?rest_route=\/wp\/v2\/types\/post"}],"author":[{"embeddable":true,"href":"https:\/\/mppee.gob.ve\/index.php?rest_route=\/wp\/v2\/users\/24"}],"replies":[{"embeddable":true,"href":"https:\/\/mppee.gob.ve\/index.php?rest_route=%2Fwp%2Fv2%2Fcomments&post=96659"}],"version-history":[{"count":2,"href":"https:\/\/mppee.gob.ve\/index.php?rest_route=\/wp\/v2\/posts\/96659\/revisions"}],"predecessor-version":[{"id":96692,"href":"https:\/\/mppee.gob.ve\/index.php?rest_route=\/wp\/v2\/posts\/96659\/revisions\/96692"}],"wp:featuredmedia":[{"embeddable":true,"href":"https:\/\/mppee.gob.ve\/index.php?rest_route=\/wp\/v2\/media\/96660"}],"wp:attachment":[{"href":"https:\/\/mppee.gob.ve\/index.php?rest_route=%2Fwp%2Fv2%2Fmedia&parent=96659"}],"wp:term":[{"taxonomy":"category","embeddable":true,"href":"https:\/\/mppee.gob.ve\/index.php?rest_route=%2Fwp%2Fv2%2Fcategories&post=96659"},{"taxonomy":"post_tag","embeddable":true,"href":"https:\/\/mppee.gob.ve\/index.php?rest_route=%2Fwp%2Fv2%2Ftags&post=96659"}],"curies":[{"name":"wp","href":"https:\/\/api.w.org\/{rel}","templated":true}]}}