{"id":96662,"date":"2025-05-01T18:41:54","date_gmt":"2025-05-01T18:41:54","guid":{"rendered":"http:\/\/mppee.gob.ve\/?p=96662"},"modified":"2025-05-01T19:23:28","modified_gmt":"2025-05-01T19:23:28","slug":"entra-en-funcionamiento-maquina-n-8-de-planta-tachira","status":"publish","type":"post","link":"https:\/\/mppee.gob.ve\/?p=96662","title":{"rendered":"Entra en funcionamiento m\u00e1quina N\u00b0 8 de Planta T\u00e1chira"},"content":{"rendered":"\n<p><strong>La Fr\u00eda, estado T\u00e1chira.- <\/strong>El ministro del Poder Popular para la Energ\u00eda El\u00e9ctrica, Jorge M\u00e1rquez, constat\u00f3 la puesta en marcha de la m\u00e1quina N\u00b0 8 de la Planta de Generaci\u00f3n Termoel\u00e9ctrica T\u00e1chira, ubicada en la entidad andina.<\/p>\n\n\n\n<p>Durante su recorrido por la Planta, M\u00e1rquez agradeci\u00f3 el esfuerzo y dedicaci\u00f3n de la clase trabajadora por hacer esto posible, lo que permitir\u00e1 robustecer el servicio de electricidad en la zona andina.<\/p>\n\n\n\n<p>En compa\u00f1\u00eda del presidente de la Corporaci\u00f3n El\u00e9ctrica Nacional (CORPOELEC), Jos\u00e9 Luis Betancourt, el tambi\u00e9n Vicepresidente Sectorial de Obras P\u00fablicas y Servicios, ratific\u00f3 que la mejor manera de celebrar el D\u00eda del Trabajador es poniendo empe\u00f1o y dedicaci\u00f3n en cada proceso que permite la transmisi\u00f3n de la energ\u00eda a las comunidades del pa\u00eds.<\/p>\n\n\n\n<p>\u201cGracias a ustedes -trabajadores y trabajadoras- lo que estamos haciendo en esta Planta y lo que estamos haciendo en el resto del pa\u00eds se est\u00e1 logrando, gracias a su esfuerzo y dedicaci\u00f3n, a su trabajo y empe\u00f1o\u201d, destac\u00f3 M\u00e1rquez, rodeado de la la clase trabajadora que hace vida en la planta.<\/p>\n\n\n\n<p>La activaci\u00f3n de esta importante \u00e1rea de generaci\u00f3n forma parte del Plan Integral de Mantenimiento de la infraestructura el\u00e9ctrica que ha ordenado el presidente de la Rep\u00fablica, Nicol\u00e1s Maduro Moros, quien ha llamado a redoblar esfuerzos para fortalecer todo el Sistema El\u00e9ctrico Nacional (SEN).<\/p>\n\n\n\n<p><strong>Prensa MPPEE-CORPOELEC \/ Joelin Jim\u00e9nez<\/strong><\/p>\n","protected":false},"excerpt":{"rendered":"<p>La Fr\u00eda, estado T\u00e1chira.- El ministro del Poder Popular para la Energ\u00eda El\u00e9ctrica, Jorge M\u00e1rquez, constat\u00f3 la puesta en marcha<\/p>\n","protected":false},"author":24,"featured_media":96663,"comment_status":"closed","ping_status":"closed","sticky":false,"template":"","format":"standard","meta":{"footnotes":""},"categories":[15],"tags":[2691,11,3006,2744,2700,46],"class_list":["post-96662","post","type-post","status-publish","format-standard","has-post-thumbnail","hentry","category-nacionales","tag-corpoelec","tag-mppee","tag-planta-tachira","tag-sen","tag-tachira","tag-venezuela"],"_links":{"self":[{"href":"https:\/\/mppee.gob.ve\/index.php?rest_route=\/wp\/v2\/posts\/96662","targetHints":{"allow":["GET"]}}],"collection":[{"href":"https:\/\/mppee.gob.ve\/index.php?rest_route=\/wp\/v2\/posts"}],"about":[{"href":"https:\/\/mppee.gob.ve\/index.php?rest_route=\/wp\/v2\/types\/post"}],"author":[{"embeddable":true,"href":"https:\/\/mppee.gob.ve\/index.php?rest_route=\/wp\/v2\/users\/24"}],"replies":[{"embeddable":true,"href":"https:\/\/mppee.gob.ve\/index.php?rest_route=%2Fwp%2Fv2%2Fcomments&post=96662"}],"version-history":[{"count":2,"href":"https:\/\/mppee.gob.ve\/index.php?rest_route=\/wp\/v2\/posts\/96662\/revisions"}],"predecessor-version":[{"id":96669,"href":"https:\/\/mppee.gob.ve\/index.php?rest_route=\/wp\/v2\/posts\/96662\/revisions\/96669"}],"wp:featuredmedia":[{"embeddable":true,"href":"https:\/\/mppee.gob.ve\/index.php?rest_route=\/wp\/v2\/media\/96663"}],"wp:attachment":[{"href":"https:\/\/mppee.gob.ve\/index.php?rest_route=%2Fwp%2Fv2%2Fmedia&parent=96662"}],"wp:term":[{"taxonomy":"category","embeddable":true,"href":"https:\/\/mppee.gob.ve\/index.php?rest_route=%2Fwp%2Fv2%2Fcategories&post=96662"},{"taxonomy":"post_tag","embeddable":true,"href":"https:\/\/mppee.gob.ve\/index.php?rest_route=%2Fwp%2Fv2%2Ftags&post=96662"}],"curies":[{"name":"wp","href":"https:\/\/api.w.org\/{rel}","templated":true}]}}