{"id":96755,"date":"2025-05-05T19:26:42","date_gmt":"2025-05-05T19:26:42","guid":{"rendered":"http:\/\/mppee.gob.ve\/?p=96755"},"modified":"2025-05-05T19:26:44","modified_gmt":"2025-05-05T19:26:44","slug":"adecuacion-de-equipo-de-potencia-beneficia-a-mas-de-3-mil-anzoatiguenses","status":"publish","type":"post","link":"https:\/\/mppee.gob.ve\/?p=96755","title":{"rendered":"Adecuaci\u00f3n de equipo de potencia beneficia a m\u00e1s de 3 mil anzoatiguenses"},"content":{"rendered":"\n<p><strong>Estado Anzo\u00e1tegui.-<\/strong> La Corporaci\u00f3n El\u00e9ctrica Nacional (CORPOELEC) desarroll\u00f3 trabajos de car\u00e1cter preventivo y correctivo en la subestaci\u00f3n El Vi\u00f1edo, que tienen como prop\u00f3sito robustecer los procesos de transformaci\u00f3n y distribuci\u00f3n de energ\u00eda a m\u00e1s de 3 mil usuarios asociados a esta instalaci\u00f3n situada en el eje sur de la ciudad de Barcelona en el estado Anzo\u00e1tegui.<\/p>\n\n\n\n<p>La jornada ejecutada por la clase trabajadora de la Divisi\u00f3n de Mantenimiento Especializado, adscrita la Gerencia de Distribuci\u00f3n, efectu\u00f3 realiz\u00f3 la elevaci\u00f3n del transformador de potencia II de 10 MVA, con el objetivo de hacer adecuaciones y mejoras en las bases que soportan esta unidad.<\/p>\n\n\n\n<p>Igualmente, se reemplazaron las copas terminales de los cables de potencia y se instalaron nuevos puentes y conexiones de puesta a tierra, as\u00ed como la instalaci\u00f3n de canales de madera para aislar los cables del suelo en la subestaci\u00f3n.<\/p>\n\n\n\n<p>La ejecuci\u00f3n de estas acciones viene a fortalecer el funcionamiento de esta instalaci\u00f3n, pues la nivelaci\u00f3n de este equipo mejora su operatividad y garantiza la entrega de energ\u00eda a sectores como El Vi\u00f1edo, La Orqu\u00eddea, Luis del Valle Garc\u00eda, Los Jardines, San Jos\u00e9, La Floresta, entre otros.<\/p>\n\n\n\n<p><strong>Prensa MPPEE-CORPOELEC<\/strong><\/p>\n","protected":false},"excerpt":{"rendered":"<p>Estado Anzo\u00e1tegui.- La Corporaci\u00f3n El\u00e9ctrica Nacional (CORPOELEC) desarroll\u00f3 trabajos de car\u00e1cter preventivo y correctivo en la subestaci\u00f3n El Vi\u00f1edo, que<\/p>\n","protected":false},"author":24,"featured_media":96761,"comment_status":"closed","ping_status":"closed","sticky":false,"template":"","format":"standard","meta":{"footnotes":""},"categories":[30],"tags":[2706,2691,11,2744,46],"class_list":["post-96755","post","type-post","status-publish","format-standard","has-post-thumbnail","hentry","category-regionales","tag-anzoategui","tag-corpoelec","tag-mppee","tag-sen","tag-venezuela"],"_links":{"self":[{"href":"https:\/\/mppee.gob.ve\/index.php?rest_route=\/wp\/v2\/posts\/96755","targetHints":{"allow":["GET"]}}],"collection":[{"href":"https:\/\/mppee.gob.ve\/index.php?rest_route=\/wp\/v2\/posts"}],"about":[{"href":"https:\/\/mppee.gob.ve\/index.php?rest_route=\/wp\/v2\/types\/post"}],"author":[{"embeddable":true,"href":"https:\/\/mppee.gob.ve\/index.php?rest_route=\/wp\/v2\/users\/24"}],"replies":[{"embeddable":true,"href":"https:\/\/mppee.gob.ve\/index.php?rest_route=%2Fwp%2Fv2%2Fcomments&post=96755"}],"version-history":[{"count":1,"href":"https:\/\/mppee.gob.ve\/index.php?rest_route=\/wp\/v2\/posts\/96755\/revisions"}],"predecessor-version":[{"id":96757,"href":"https:\/\/mppee.gob.ve\/index.php?rest_route=\/wp\/v2\/posts\/96755\/revisions\/96757"}],"wp:featuredmedia":[{"embeddable":true,"href":"https:\/\/mppee.gob.ve\/index.php?rest_route=\/wp\/v2\/media\/96761"}],"wp:attachment":[{"href":"https:\/\/mppee.gob.ve\/index.php?rest_route=%2Fwp%2Fv2%2Fmedia&parent=96755"}],"wp:term":[{"taxonomy":"category","embeddable":true,"href":"https:\/\/mppee.gob.ve\/index.php?rest_route=%2Fwp%2Fv2%2Fcategories&post=96755"},{"taxonomy":"post_tag","embeddable":true,"href":"https:\/\/mppee.gob.ve\/index.php?rest_route=%2Fwp%2Fv2%2Ftags&post=96755"}],"curies":[{"name":"wp","href":"https:\/\/api.w.org\/{rel}","templated":true}]}}