{"id":96802,"date":"2025-05-06T19:50:38","date_gmt":"2025-05-06T19:50:38","guid":{"rendered":"http:\/\/mppee.gob.ve\/?p=96802"},"modified":"2025-05-06T21:56:42","modified_gmt":"2025-05-06T21:56:42","slug":"corpoelec-reemplaza-cableado-subterraneo-favoreciendo-a-familias-caraquenas","status":"publish","type":"post","link":"https:\/\/mppee.gob.ve\/?p=96802","title":{"rendered":"CORPOELEC reemplaza cableado subterr\u00e1neo favoreciendo a familias caraque\u00f1as"},"content":{"rendered":"\n<p><strong>Plaza Venezuela, Caracas.- <\/strong>Con el objetivo de brindar un servicio el\u00e9ctrico \u00f3ptimo a las comunidades, el equipo t\u00e9cnico de la Corporaci\u00f3n El\u00e9ctrica Nacional (CORPOELEC), realiz\u00f3 el reemplazo del cableado subterr\u00e1neo en el Paseo de la Resistencia Ind\u00edgena, ubicado en Plaza Venezuela, en Caracas.<\/p>\n\n\n\n<p>Las labores contemplaron la instalaci\u00f3n de 680 metros de cableado con proceso de transmisi\u00f3n de 69kV, lo que favorece a 108 mil habitantes del circuito parroquial El Recreo.<\/p>\n\n\n\n<p>El nuevo cableado subterr\u00e1neo cuenta con alta tecnolog\u00eda, denominada cable de aislamiento seco, que proporciona una durabilidad de hasta 50 a\u00f1os, aproximadamente.<\/p>\n\n\n\n<p>Al respecto, Antonio Sanseverino supervisor de obra de CORPOELEC, inform\u00f3 que la instalaci\u00f3n presenta un 87% de avance y contribuye a mejorar el servicio en los sectores de la parroquia El Recreo.<\/p>\n\n\n\n<p>Igualmente, precis\u00f3 que la restituci\u00f3n de cableado inici\u00f3 en la subestaci\u00f3n Conde- Delicias IV, y con esta instalaci\u00f3n se contabilizan 4 mil metros de cableado con alta tecnolog\u00eda, que permite la eliminaci\u00f3n del cable de nitr\u00f3geno, lo que significa un ahorro considerable y mantenimientos m\u00e1s prolongados.<\/p>\n\n\n\n<p>El Gobierno Nacional y CORPOELEC contin\u00faan trabajando en beneficio de las comunidades del pa\u00eds, a fin de garantizar un servicio el\u00e9ctrico de alto nivel en el territorio nacional.<\/p>\n\n\n\n<p><strong>Prensa MPPEE-CORPOELEC \/ Yeira Colmenares<\/strong><\/p>\n\n\n\n<p><\/p>\n","protected":false},"excerpt":{"rendered":"<p>Plaza Venezuela, Caracas.- Con el objetivo de brindar un servicio el\u00e9ctrico \u00f3ptimo a las comunidades, el equipo t\u00e9cnico de la<\/p>\n","protected":false},"author":24,"featured_media":96806,"comment_status":"closed","ping_status":"closed","sticky":false,"template":"","format":"standard","meta":{"footnotes":""},"categories":[30],"tags":[3014,111,2691,11,2744,46],"class_list":["post-96802","post","type-post","status-publish","format-standard","has-post-thumbnail","hentry","category-regionales","tag-cableado-subterraneo","tag-caracas","tag-corpoelec","tag-mppee","tag-sen","tag-venezuela"],"_links":{"self":[{"href":"https:\/\/mppee.gob.ve\/index.php?rest_route=\/wp\/v2\/posts\/96802","targetHints":{"allow":["GET"]}}],"collection":[{"href":"https:\/\/mppee.gob.ve\/index.php?rest_route=\/wp\/v2\/posts"}],"about":[{"href":"https:\/\/mppee.gob.ve\/index.php?rest_route=\/wp\/v2\/types\/post"}],"author":[{"embeddable":true,"href":"https:\/\/mppee.gob.ve\/index.php?rest_route=\/wp\/v2\/users\/24"}],"replies":[{"embeddable":true,"href":"https:\/\/mppee.gob.ve\/index.php?rest_route=%2Fwp%2Fv2%2Fcomments&post=96802"}],"version-history":[{"count":2,"href":"https:\/\/mppee.gob.ve\/index.php?rest_route=\/wp\/v2\/posts\/96802\/revisions"}],"predecessor-version":[{"id":96812,"href":"https:\/\/mppee.gob.ve\/index.php?rest_route=\/wp\/v2\/posts\/96802\/revisions\/96812"}],"wp:featuredmedia":[{"embeddable":true,"href":"https:\/\/mppee.gob.ve\/index.php?rest_route=\/wp\/v2\/media\/96806"}],"wp:attachment":[{"href":"https:\/\/mppee.gob.ve\/index.php?rest_route=%2Fwp%2Fv2%2Fmedia&parent=96802"}],"wp:term":[{"taxonomy":"category","embeddable":true,"href":"https:\/\/mppee.gob.ve\/index.php?rest_route=%2Fwp%2Fv2%2Fcategories&post=96802"},{"taxonomy":"post_tag","embeddable":true,"href":"https:\/\/mppee.gob.ve\/index.php?rest_route=%2Fwp%2Fv2%2Ftags&post=96802"}],"curies":[{"name":"wp","href":"https:\/\/api.w.org\/{rel}","templated":true}]}}