{"id":96829,"date":"2025-05-07T17:06:06","date_gmt":"2025-05-07T17:06:06","guid":{"rendered":"http:\/\/mppee.gob.ve\/?p=96829"},"modified":"2025-05-07T18:08:05","modified_gmt":"2025-05-07T18:08:05","slug":"granja-de-paneles-solares-en-el-vigia-optimizara-la-generacion-de-energia-en-los-andes","status":"publish","type":"post","link":"https:\/\/mppee.gob.ve\/?p=96829","title":{"rendered":"Granja de paneles solares en El Vig\u00eda optimizar\u00e1 la generaci\u00f3n de energ\u00eda en Los Andes"},"content":{"rendered":"\n<p><strong>El Vig\u00eda, estado M\u00e9rida.- <\/strong>Con el prop\u00f3sito de constatar los avances en materia de energ\u00eda solar, el ministro del Poder Popular para la Energ\u00eda El\u00e9ctrica, Jorge M\u00e1rquez, recorri\u00f3 los espacios donde se construye la granja de paneles solares de 50 megavatios, la cual estar\u00e1 ubicada en El Vig\u00eda, estado M\u00e9rida.<\/p>\n\n\n\n<p>Desde la entidad andina, en compa\u00f1\u00eda del presidente de la Corporaci\u00f3n El\u00e9ctrica Nacional (CORPOELEC), Jos\u00e9 Luis Betancourt, el tambi\u00e9n Vicepresidente Sectorial de Obras P\u00fablicas y Servicios, precis\u00f3 que este proyecto representa un gran avance de energ\u00eda solar, que permitir\u00e1 colocar puntos estrat\u00e9gicos en el suroccidente para dar mayor estabilidad a la energ\u00eda el\u00e9ctrica en el pa\u00eds.<\/p>\n\n\n\n<p>Otra de las bondades de esta granja fotovoltaica es que permite un manejo m\u00e1s eficiente de los embalses de Los Andes, favoreciendo el ahorro de agua en las hidroel\u00e9ctricas de esa zona.<\/p>\n\n\n\n<p>El pasado mes de enero, el presidente de la Rep\u00fablica, Nicol\u00e1s Maduro, inaugur\u00f3 la Granja Fotovoltaica \u201cLuz del Alba\u201d, ubicada en el Complejo Habitacional Bubuqu\u00ed, en la entidad meride\u00f1a, como parte de la activaci\u00f3n de la 2T de las 7 Grandes Transformaciones denominada: \u201cCiudad Humana para el Buen Vivir: Servicios P\u00fablicos e Infraestructura\u201d.<\/p>\n\n\n\n<p>Esta granja garantiza la energ\u00eda el\u00e9ctrica al sistema de bombeo en 47 edificios del complejo habitacional, en aras de ofrecer un servicio \u00f3ptimo y eficiente a la poblaci\u00f3n andina.<\/p>\n\n\n\n<p>\u201c\u00bfQu\u00e9 no pod\u00edamos? Claro que podemos, queridos compa\u00f1eros, trabajadores. Claro que podemos, lo estamos logrando y lo vamos a lograr. \u00a1Seguimos trabajando!\u201d, expres\u00f3 M\u00e1rquez.<\/p>\n\n\n\n<p><strong>Prensa MPPEE-CORPOELEC \/ Joelin Jim\u00e9nez<\/strong><\/p>\n\n\n\n<p><\/p>\n","protected":false},"excerpt":{"rendered":"<p>El Vig\u00eda, estado M\u00e9rida.- Con el prop\u00f3sito de constatar los avances en materia de energ\u00eda solar, el ministro del Poder<\/p>\n","protected":false},"author":24,"featured_media":96830,"comment_status":"closed","ping_status":"closed","sticky":false,"template":"","format":"standard","meta":{"footnotes":""},"categories":[15],"tags":[2691,2742,11,3016,2744,46],"class_list":["post-96829","post","type-post","status-publish","format-standard","has-post-thumbnail","hentry","category-nacionales","tag-corpoelec","tag-merida","tag-mppee","tag-paneles-solares","tag-sen","tag-venezuela"],"_links":{"self":[{"href":"https:\/\/mppee.gob.ve\/index.php?rest_route=\/wp\/v2\/posts\/96829","targetHints":{"allow":["GET"]}}],"collection":[{"href":"https:\/\/mppee.gob.ve\/index.php?rest_route=\/wp\/v2\/posts"}],"about":[{"href":"https:\/\/mppee.gob.ve\/index.php?rest_route=\/wp\/v2\/types\/post"}],"author":[{"embeddable":true,"href":"https:\/\/mppee.gob.ve\/index.php?rest_route=\/wp\/v2\/users\/24"}],"replies":[{"embeddable":true,"href":"https:\/\/mppee.gob.ve\/index.php?rest_route=%2Fwp%2Fv2%2Fcomments&post=96829"}],"version-history":[{"count":1,"href":"https:\/\/mppee.gob.ve\/index.php?rest_route=\/wp\/v2\/posts\/96829\/revisions"}],"predecessor-version":[{"id":96831,"href":"https:\/\/mppee.gob.ve\/index.php?rest_route=\/wp\/v2\/posts\/96829\/revisions\/96831"}],"wp:featuredmedia":[{"embeddable":true,"href":"https:\/\/mppee.gob.ve\/index.php?rest_route=\/wp\/v2\/media\/96830"}],"wp:attachment":[{"href":"https:\/\/mppee.gob.ve\/index.php?rest_route=%2Fwp%2Fv2%2Fmedia&parent=96829"}],"wp:term":[{"taxonomy":"category","embeddable":true,"href":"https:\/\/mppee.gob.ve\/index.php?rest_route=%2Fwp%2Fv2%2Fcategories&post=96829"},{"taxonomy":"post_tag","embeddable":true,"href":"https:\/\/mppee.gob.ve\/index.php?rest_route=%2Fwp%2Fv2%2Ftags&post=96829"}],"curies":[{"name":"wp","href":"https:\/\/api.w.org\/{rel}","templated":true}]}}