{"id":96888,"date":"2025-05-09T14:07:47","date_gmt":"2025-05-09T14:07:47","guid":{"rendered":"http:\/\/mppee.gob.ve\/?p=96888"},"modified":"2025-05-09T14:07:49","modified_gmt":"2025-05-09T14:07:49","slug":"jornada-integral-atendera-a-usuarios-apurenos","status":"publish","type":"post","link":"https:\/\/mppee.gob.ve\/?p=96888","title":{"rendered":"Jornada integral atender\u00e1 a usuarios apure\u00f1os"},"content":{"rendered":"\n<p><strong>Estado Apure.- <\/strong>La Corporaci\u00f3n El\u00e9ctrica Nacional (CORPOELEC), llevar\u00e1 a cabo este s\u00e1bado 10 de mayo, Jornadas Integrales de Atenci\u00f3n al Usuario en comunidades del estado Apure.<\/p>\n\n\n\n<p>Los trabajadores se desplegar\u00e1n a trav\u00e9s de los Centros Integrales de Atenci\u00f3n al Usuario (CIAU), donde brindar\u00e1n asesoramiento sobre notificaci\u00f3n de deuda, pago de factura, actualizaci\u00f3n de datos y captaci\u00f3n de nuevos usuarios.<\/p>\n\n\n\n<p>La asistencia personalizada ser\u00e1 brindada en un horario comprendido entre las 8:00 de la ma\u00f1ana y las 2:00 de la tarde, en las siguientes direcciones:<\/p>\n\n\n\n<p>&nbsp;&#8211; Comunidad Campo Alegre, parroquia San Fernando, municipio San Fernando.<\/p>\n\n\n\n<p>&#8211; Urbanizaci\u00f3n Santa Rufina, parroquia Biruaca, municipio Biruaca.<\/p>\n\n\n\n<p>&#8211; Urbanizaci\u00f3n El Nazareno, parroquia Achaguas, municipio Achaguas.<\/p>\n\n\n\n<p>&#8211; Avenida Libertador, parroquia Mantecal, municipio Mu\u00f1oz.<\/p>\n\n\n\n<p>&#8211; Sector Mereyal Elorza, municipio R\u00f3mulo Gallegos.<\/p>\n\n\n\n<p>&#8211; Urbanizaci\u00f3n Francisco de Miranda, parroquia Guasdualito, municipio P\u00e1ez.<\/p>\n\n\n\n<p>&#8211; Sector Las Flores, parroquia San Camilo, municipio P\u00e1ez.<\/p>\n\n\n\n<p>Para mayor informaci\u00f3n sobre las Jornadas Integrales de Atenci\u00f3n al Usuario, pueden visitar la cuenta @corpoelecinfo en la red social Instagram.<\/p>\n\n\n\n<p><strong>Prensa MPPEE-CORPOELEC<\/strong><\/p>\n\n\n\n<p><\/p>\n","protected":false},"excerpt":{"rendered":"<p>Estado Apure.- La Corporaci\u00f3n El\u00e9ctrica Nacional (CORPOELEC), llevar\u00e1 a cabo este s\u00e1bado 10 de mayo, Jornadas Integrales de Atenci\u00f3n al<\/p>\n","protected":false},"author":24,"featured_media":96795,"comment_status":"closed","ping_status":"closed","sticky":false,"template":"","format":"standard","meta":{"footnotes":""},"categories":[30],"tags":[2722,2691,2803,11,2744,46],"class_list":["post-96888","post","type-post","status-publish","format-standard","has-post-thumbnail","hentry","category-regionales","tag-apure","tag-corpoelec","tag-jornada-de-atencion-al-usuario","tag-mppee","tag-sen","tag-venezuela"],"_links":{"self":[{"href":"https:\/\/mppee.gob.ve\/index.php?rest_route=\/wp\/v2\/posts\/96888","targetHints":{"allow":["GET"]}}],"collection":[{"href":"https:\/\/mppee.gob.ve\/index.php?rest_route=\/wp\/v2\/posts"}],"about":[{"href":"https:\/\/mppee.gob.ve\/index.php?rest_route=\/wp\/v2\/types\/post"}],"author":[{"embeddable":true,"href":"https:\/\/mppee.gob.ve\/index.php?rest_route=\/wp\/v2\/users\/24"}],"replies":[{"embeddable":true,"href":"https:\/\/mppee.gob.ve\/index.php?rest_route=%2Fwp%2Fv2%2Fcomments&post=96888"}],"version-history":[{"count":1,"href":"https:\/\/mppee.gob.ve\/index.php?rest_route=\/wp\/v2\/posts\/96888\/revisions"}],"predecessor-version":[{"id":96889,"href":"https:\/\/mppee.gob.ve\/index.php?rest_route=\/wp\/v2\/posts\/96888\/revisions\/96889"}],"wp:featuredmedia":[{"embeddable":true,"href":"https:\/\/mppee.gob.ve\/index.php?rest_route=\/wp\/v2\/media\/96795"}],"wp:attachment":[{"href":"https:\/\/mppee.gob.ve\/index.php?rest_route=%2Fwp%2Fv2%2Fmedia&parent=96888"}],"wp:term":[{"taxonomy":"category","embeddable":true,"href":"https:\/\/mppee.gob.ve\/index.php?rest_route=%2Fwp%2Fv2%2Fcategories&post=96888"},{"taxonomy":"post_tag","embeddable":true,"href":"https:\/\/mppee.gob.ve\/index.php?rest_route=%2Fwp%2Fv2%2Ftags&post=96888"}],"curies":[{"name":"wp","href":"https:\/\/api.w.org\/{rel}","templated":true}]}}