{"id":96949,"date":"2025-05-12T14:41:21","date_gmt":"2025-05-12T14:41:21","guid":{"rendered":"http:\/\/mppee.gob.ve\/?p=96949"},"modified":"2025-05-12T14:41:23","modified_gmt":"2025-05-12T14:41:23","slug":"despliegan-jornadas-de-atencion-integral-para-atender-a-usuarios-yaracuyanos","status":"publish","type":"post","link":"https:\/\/mppee.gob.ve\/?p=96949","title":{"rendered":"Despliegan jornadas de atenci\u00f3n integral para atender a usuarios yaracuyanos"},"content":{"rendered":"\n<p><strong>Estado Yaracuy.-<\/strong> La Corporaci\u00f3n El\u00e9ctrica Nacional (CORPOELEC), desplegar\u00e1 a sus agentes comerciales, para atender a los usuarios y usuarias del estado Yaracuy a trav\u00e9s de Jornadas Integrales de Atenci\u00f3n.<\/p>\n\n\n\n<p>Los asistentes podr\u00e1n realizar actualizaci\u00f3n de datos, consulta de saldo, recibir asesor\u00eda sobre su servicio el\u00e9ctrico y pagar sus facturas, a trav\u00e9s de los puntos de ventas autorizados, en un horario comprendido desde las 08:00 de la ma\u00f1ana hasta las 03:00 de la tarde.<\/p>\n\n\n\n<p>Los puntos destinados para la atenci\u00f3n al usuario son:<\/p>\n\n\n\n<p>&#8211; Martes 13 de mayo: Terminal urbano de pasajeros \u00abDomingo Aponte Barrios\u00bb, avenida La Patria con avenida 2, frente al Centro Comercial Aracoi en San Felipe.<\/p>\n\n\n\n<p>&#8211; Mi\u00e9rcoles 14 de mayo: Mini Market Excelcior, avenida La Paz entre avenida Carabobo y avenida Norte 1, diagonal al Monumento Bicentenario Batalla de Carabobo, San Felipe.<\/p>\n\n\n\n<p>&#8211; Jueves 15 de mayo: Plaza Jos\u00e9 Joaqu\u00edn Veroes, avenida Libertador entre calles 14 y 15 sector El Pante\u00f3n, San Felipe.<\/p>\n\n\n\n<p>&#8211; Viernes 16 de mayo: Terminal urbano de pasajeros \u00abDomingo Aponte Barrios\u00bb, avenida La Patria con avenida 2, frente al Centro Comercial Aracoi en San Felipe.<\/p>\n\n\n\n<p>Para mayor informaci\u00f3n sobre las Jornadas Integrales de Atenci\u00f3n al Usuario, pueden visitar la cuenta @corpoelecinfo en la red social Instagram.<\/p>\n\n\n\n<p><strong>Prensa MPPEE-CORPOELEC<\/strong><\/p>\n","protected":false},"excerpt":{"rendered":"<p>Estado Yaracuy.- La Corporaci\u00f3n El\u00e9ctrica Nacional (CORPOELEC), desplegar\u00e1 a sus agentes comerciales, para atender a los usuarios y usuarias del<\/p>\n","protected":false},"author":24,"featured_media":96861,"comment_status":"closed","ping_status":"closed","sticky":false,"template":"","format":"standard","meta":{"footnotes":""},"categories":[30],"tags":[2691,2803,11,2744,46,2726],"class_list":["post-96949","post","type-post","status-publish","format-standard","has-post-thumbnail","hentry","category-regionales","tag-corpoelec","tag-jornada-de-atencion-al-usuario","tag-mppee","tag-sen","tag-venezuela","tag-yaracuy"],"_links":{"self":[{"href":"https:\/\/mppee.gob.ve\/index.php?rest_route=\/wp\/v2\/posts\/96949","targetHints":{"allow":["GET"]}}],"collection":[{"href":"https:\/\/mppee.gob.ve\/index.php?rest_route=\/wp\/v2\/posts"}],"about":[{"href":"https:\/\/mppee.gob.ve\/index.php?rest_route=\/wp\/v2\/types\/post"}],"author":[{"embeddable":true,"href":"https:\/\/mppee.gob.ve\/index.php?rest_route=\/wp\/v2\/users\/24"}],"replies":[{"embeddable":true,"href":"https:\/\/mppee.gob.ve\/index.php?rest_route=%2Fwp%2Fv2%2Fcomments&post=96949"}],"version-history":[{"count":1,"href":"https:\/\/mppee.gob.ve\/index.php?rest_route=\/wp\/v2\/posts\/96949\/revisions"}],"predecessor-version":[{"id":96950,"href":"https:\/\/mppee.gob.ve\/index.php?rest_route=\/wp\/v2\/posts\/96949\/revisions\/96950"}],"wp:featuredmedia":[{"embeddable":true,"href":"https:\/\/mppee.gob.ve\/index.php?rest_route=\/wp\/v2\/media\/96861"}],"wp:attachment":[{"href":"https:\/\/mppee.gob.ve\/index.php?rest_route=%2Fwp%2Fv2%2Fmedia&parent=96949"}],"wp:term":[{"taxonomy":"category","embeddable":true,"href":"https:\/\/mppee.gob.ve\/index.php?rest_route=%2Fwp%2Fv2%2Fcategories&post=96949"},{"taxonomy":"post_tag","embeddable":true,"href":"https:\/\/mppee.gob.ve\/index.php?rest_route=%2Fwp%2Fv2%2Ftags&post=96949"}],"curies":[{"name":"wp","href":"https:\/\/api.w.org\/{rel}","templated":true}]}}