{"id":96969,"date":"2025-05-12T19:58:53","date_gmt":"2025-05-12T19:58:53","guid":{"rendered":"http:\/\/mppee.gob.ve\/?p=96969"},"modified":"2025-05-12T19:58:56","modified_gmt":"2025-05-12T19:58:56","slug":"corpoelec-atendera-a-usuarios-residenciales-y-comerciales-en-tachira","status":"publish","type":"post","link":"https:\/\/mppee.gob.ve\/?p=96969","title":{"rendered":"CORPOELEC atender\u00e1 a usuarios residenciales y comerciales en T\u00e1chira\u00a0\u00a0"},"content":{"rendered":"\n<p><strong>Estado T\u00e1chira.- <\/strong>La clase trabajadora de la Corporaci\u00f3n El\u00e9ctrica Nacional (CORPOELEC), se desplegar\u00e1 desde este martes 13 hasta el viernes 16 de mayo, por 18 municipios del estado andino, con el prop\u00f3sito de brindar asesor\u00eda a los usuarios tachirenses.<\/p>\n\n\n\n<p>Durante el despliegue, los agentes comerciales ofrecer\u00e1n asistencia para la verificaci\u00f3n de conexiones, actualizaci\u00f3n de datos, notificaci\u00f3n de deuda, recepci\u00f3n de reclamos, asesor\u00eda de pago por Banca en L\u00ednea y pago de factura, bajo la modalidad de punto de venta.<\/p>\n\n\n\n<p>El personal de la Gerencia de Comercializaci\u00f3n, a trav\u00e9s de los Centros de Atenci\u00f3n al Usuario (CIAU), se desplegar\u00e1n por las comunidades en el horario comprendido desde las 8:00 de la ma\u00f1ana hasta las 4:00 de la tarde en los siguientes municipios:<\/p>\n\n\n\n<p>&#8211; Garc\u00eda de Hev\u00eda: Sector Carira, caser\u00edo 96, San Jos\u00e9 de Las Palmas, El Aeropuerto de La Fr\u00eda.<\/p>\n\n\n\n<p>&#8211; C\u00f3rdoba: Sectores Veracruz, Casco Central y carreras 5, 11 y carrera 4 de Santa Ana.<\/p>\n\n\n\n<p>&#8211; Bol\u00edvar: Sectores Lagunitas, Barrio Miranda, Ocumare, carrera 6 de San Antonio.<\/p>\n\n\n\n<p>&#8211; Uribante: Sector Los Rastrojos, Paramito, Laguna de Garc\u00eda, R\u00edo Negro de Pregonero.<\/p>\n\n\n\n<p>&#8211; Pedro Mar\u00eda Ure\u00f1a: Urbanizaci\u00f3n La Esperanza, calle Pedro Useche Diaz, 5 de julio, Casco Central de Ure\u00f1a.<\/p>\n\n\n\n<p>&#8211; Fern\u00e1ndez Feo: Sectores Santo Domingo, El Pabell\u00f3n, San Lorenzo y Chururu de El Pi\u00f1al.<\/p>\n\n\n\n<p>&#8211; J\u00e1uregui: sector Santa Ana del Valle de La Grita.<\/p>\n\n\n\n<p>&#8211; Jos\u00e9 Mar\u00eda Vargas: Sector P\u00e1ramo del Zumbador, Barrio El Molino, casco central del Cobre.<\/p>\n\n\n\n<p>&#8211; Ayacucho: Barrio Las Flores, San Juan de Col\u00f3n y Casco Central.<\/p>\n\n\n\n<p>&#8211; Francisco de Miranda: Sectores de San Jos\u00e9 de Bol\u00edvar.<\/p>\n\n\n\n<p>Ayacucho: Barrio Las Flores, Casco Central de Col\u00f3n.<\/p>\n\n\n\n<p>&#8211; San Crist\u00f3bal:&nbsp; Sectores Zona Industrial, Barrio Juan de Maldonado, Los Naranjos, Las Lomas, Barrio Juan de Maldonado y Avenida 19 de Abril, Los Teques, Barrio Las Flores, Pasaje Acueducto, 5ta avenida&nbsp; y avenida Lucio Oquendo de San Crist\u00f3bal.<\/p>\n\n\n\n<p>&#8211; Panamericano: Aldeas El Pulpito, San Mateo, R\u00edo Chiquito, Caser\u00edo Santa Cecilia de Coloncito.<\/p>\n\n\n\n<p>&#8211; Independencia: Sectores El Hato, Peribeca y Belandia Capacho Nuevo.<\/p>\n\n\n\n<p>&#8211; Rafael Urdaneta: Aldea La Honda, Las Lajas de Delicias.<\/p>\n\n\n\n<p>&#8211; Jun\u00edn: Sector Andr\u00e9s Bello, La Quiracha, La Colina y Bram\u00f3n de Rubio.<\/p>\n\n\n\n<p>&#8211; C\u00e1rdenas: Sectores carrera 5 de Barrancas P\/B, Las Margaritas, La Florida y casco central de T\u00e1riba.<\/p>\n\n\n\n<p>&#8211; Gu\u00e1simos: Sector Caneyes.<\/p>\n\n\n\n<p>Para mayor informaci\u00f3n sobre las Jornadas Integrales de Atenci\u00f3n al Usuario, puede visitar la cuenta @corpoelecinfo en la red social Instagram.<\/p>\n\n\n\n<p><strong>Prensa MPPEE-CORPOELEC<\/strong><\/p>\n","protected":false},"excerpt":{"rendered":"<p>Estado T\u00e1chira.- La clase trabajadora de la Corporaci\u00f3n El\u00e9ctrica Nacional (CORPOELEC), se desplegar\u00e1 desde este martes 13 hasta el viernes<\/p>\n","protected":false},"author":24,"featured_media":96846,"comment_status":"closed","ping_status":"closed","sticky":false,"template":"","format":"standard","meta":{"footnotes":""},"categories":[30],"tags":[2691,2803,11,2744,2700,46],"class_list":["post-96969","post","type-post","status-publish","format-standard","has-post-thumbnail","hentry","category-regionales","tag-corpoelec","tag-jornada-de-atencion-al-usuario","tag-mppee","tag-sen","tag-tachira","tag-venezuela"],"_links":{"self":[{"href":"https:\/\/mppee.gob.ve\/index.php?rest_route=\/wp\/v2\/posts\/96969","targetHints":{"allow":["GET"]}}],"collection":[{"href":"https:\/\/mppee.gob.ve\/index.php?rest_route=\/wp\/v2\/posts"}],"about":[{"href":"https:\/\/mppee.gob.ve\/index.php?rest_route=\/wp\/v2\/types\/post"}],"author":[{"embeddable":true,"href":"https:\/\/mppee.gob.ve\/index.php?rest_route=\/wp\/v2\/users\/24"}],"replies":[{"embeddable":true,"href":"https:\/\/mppee.gob.ve\/index.php?rest_route=%2Fwp%2Fv2%2Fcomments&post=96969"}],"version-history":[{"count":1,"href":"https:\/\/mppee.gob.ve\/index.php?rest_route=\/wp\/v2\/posts\/96969\/revisions"}],"predecessor-version":[{"id":96970,"href":"https:\/\/mppee.gob.ve\/index.php?rest_route=\/wp\/v2\/posts\/96969\/revisions\/96970"}],"wp:featuredmedia":[{"embeddable":true,"href":"https:\/\/mppee.gob.ve\/index.php?rest_route=\/wp\/v2\/media\/96846"}],"wp:attachment":[{"href":"https:\/\/mppee.gob.ve\/index.php?rest_route=%2Fwp%2Fv2%2Fmedia&parent=96969"}],"wp:term":[{"taxonomy":"category","embeddable":true,"href":"https:\/\/mppee.gob.ve\/index.php?rest_route=%2Fwp%2Fv2%2Fcategories&post=96969"},{"taxonomy":"post_tag","embeddable":true,"href":"https:\/\/mppee.gob.ve\/index.php?rest_route=%2Fwp%2Fv2%2Ftags&post=96969"}],"curies":[{"name":"wp","href":"https:\/\/api.w.org\/{rel}","templated":true}]}}