{"id":96989,"date":"2025-05-14T00:07:23","date_gmt":"2025-05-14T00:07:23","guid":{"rendered":"http:\/\/mppee.gob.ve\/?p=96989"},"modified":"2025-05-14T00:07:25","modified_gmt":"2025-05-14T00:07:25","slug":"extrema-derecha-utiliza-guerra-electrica-para-manipular-electoralmente","status":"publish","type":"post","link":"https:\/\/mppee.gob.ve\/?p=96989","title":{"rendered":"Extrema derecha utiliza guerra el\u00e9ctrica para manipular electoralmente"},"content":{"rendered":"\n<p><strong>San Bernardino, Caracas.- <\/strong>El presidente de la Rep\u00fablica, Nicol\u00e1s Maduro Moros, denunci\u00f3 este martes el uso de la guerra econ\u00f3mica y el\u00e9ctrica como m\u00e9todos de ataques de la extrema derecha para desestabilizar la paz de Venezuela y manipular en tiempos electorales.<\/p>\n\n\n\n<p>Durante la presentaci\u00f3n de la Propuesta del Plan Legislativo de los candidatos a diputados y diputadas del Gran Polo Patri\u00f3tico Sim\u00f3n Bol\u00edvar (GPPSB), para los comicios parlamentarios del pr\u00f3ximo 25 de mayo, record\u00f3 c\u00f3mo en el a\u00f1o 2015, estos ataques influyeron en el resultado de las legislativas.<\/p>\n\n\n\n<p>\u201cPerdimos, punto, no hay debate, me llegaban mensajes por aqu\u00ed, por all\u00e1, del pueblo, muy molesto, porque todo esto era resultado de una confabulaci\u00f3n, de una guerra econ\u00f3mica y el\u00e9ctrica tambi\u00e9n, llamada de baja intensidad. Recuerdo como quemaban las tanquillas, calle por calle, barrio por barrio, parroquia por parroquia, verdaderamente una emboscada que le metieron al pueblo de Venezuela\u201d, enfatiz\u00f3.<\/p>\n\n\n\n<p>Resalt\u00f3 que estas acciones desestabilizadoras generaron malestar en los venezolanos. Frente al contexto hist\u00f3rico, el Jefe de Estado llam\u00f3 a los candidatos y candidatas a fortalecer la \u201cpaciencia hist\u00f3rica, estrat\u00e9gica y moral para asumir circunstancias adversas y dif\u00edciles y tener el pulso para mantener a nuestro pa\u00eds en el camino de la paz y la estabilidad pase lo que pase\u201d.<\/p>\n\n\n\n<p><strong>Prensa MPPEE-Corpoelec<\/strong><\/p>\n","protected":false},"excerpt":{"rendered":"<p>San Bernardino, Caracas.- El presidente de la Rep\u00fablica, Nicol\u00e1s Maduro Moros, denunci\u00f3 este martes el uso de la guerra econ\u00f3mica<\/p>\n","protected":false},"author":24,"featured_media":96996,"comment_status":"closed","ping_status":"closed","sticky":false,"template":"","format":"standard","meta":{"footnotes":""},"categories":[1,15],"tags":[2714,2744,46],"class_list":["post-96989","post","type-post","status-publish","format-standard","has-post-thumbnail","hentry","category-mppee","category-nacionales","tag-nicolas-maduro","tag-sen","tag-venezuela"],"_links":{"self":[{"href":"https:\/\/mppee.gob.ve\/index.php?rest_route=\/wp\/v2\/posts\/96989","targetHints":{"allow":["GET"]}}],"collection":[{"href":"https:\/\/mppee.gob.ve\/index.php?rest_route=\/wp\/v2\/posts"}],"about":[{"href":"https:\/\/mppee.gob.ve\/index.php?rest_route=\/wp\/v2\/types\/post"}],"author":[{"embeddable":true,"href":"https:\/\/mppee.gob.ve\/index.php?rest_route=\/wp\/v2\/users\/24"}],"replies":[{"embeddable":true,"href":"https:\/\/mppee.gob.ve\/index.php?rest_route=%2Fwp%2Fv2%2Fcomments&post=96989"}],"version-history":[{"count":1,"href":"https:\/\/mppee.gob.ve\/index.php?rest_route=\/wp\/v2\/posts\/96989\/revisions"}],"predecessor-version":[{"id":96990,"href":"https:\/\/mppee.gob.ve\/index.php?rest_route=\/wp\/v2\/posts\/96989\/revisions\/96990"}],"wp:featuredmedia":[{"embeddable":true,"href":"https:\/\/mppee.gob.ve\/index.php?rest_route=\/wp\/v2\/media\/96996"}],"wp:attachment":[{"href":"https:\/\/mppee.gob.ve\/index.php?rest_route=%2Fwp%2Fv2%2Fmedia&parent=96989"}],"wp:term":[{"taxonomy":"category","embeddable":true,"href":"https:\/\/mppee.gob.ve\/index.php?rest_route=%2Fwp%2Fv2%2Fcategories&post=96989"},{"taxonomy":"post_tag","embeddable":true,"href":"https:\/\/mppee.gob.ve\/index.php?rest_route=%2Fwp%2Fv2%2Ftags&post=96989"}],"curies":[{"name":"wp","href":"https:\/\/api.w.org\/{rel}","templated":true}]}}