{"id":97032,"date":"2025-05-14T22:21:34","date_gmt":"2025-05-14T22:21:34","guid":{"rendered":"http:\/\/mppee.gob.ve\/?p=97032"},"modified":"2025-05-14T22:21:36","modified_gmt":"2025-05-14T22:21:36","slug":"obra-teatral-la-mascara-llego-a-la-sede-de-el-marques-para-homenajear-a-las-madres","status":"publish","type":"post","link":"https:\/\/mppee.gob.ve\/?p=97032","title":{"rendered":"Obra teatral \u201cLa M\u00e1scara\u00bb lleg\u00f3 a la sede de El Marqu\u00e9s para homenajear a las madres"},"content":{"rendered":"\n<p><strong>El Marqu\u00e9s, Miranda.-<\/strong> La Asociaci\u00f3n Civil de Trabajadores del Ministerio del Poder Popular para la Energ\u00eda El\u00e9ctrica (Asoelec) present\u00f3 este mi\u00e9rcoles, la obra de teatro \u00abLa M\u00e1scara\u00bb en la sede de la Corporaci\u00f3n El\u00e9ctrica Nacional (CORPOELEC), ubicada en El Marqu\u00e9s, como parte de las actividades conmemorativas del mes de las madres.<\/p>\n\n\n\n<p>El evento, que cont\u00f3 con la participaci\u00f3n del reconocido actor C\u00e9sar Caballero, brind\u00f3 momentos de esparcimiento y diversi\u00f3n a trabajadores activos y jubilados del sector el\u00e9ctrico.<\/p>\n\n\n\n<p>La presentaci\u00f3n incluy\u00f3 la interpretaci\u00f3n de dos de sus m\u00e1s emblem\u00e1ticos personajes: Bambalinas y Yeison el mototaxista.<\/p>\n\n\n\n<p>\u00abMe encanta ver que el trabajador, tenga este rato de esparcimiento, especialmente en una empresa que opera todos los d\u00edas en sus diferentes departamentos\u00bb, expres\u00f3 Caballero durante su presentaci\u00f3n.<\/p>\n\n\n\n<p>El actor destac\u00f3 la importancia de llevar entretenimiento y humor fresco a los espacios laborales, promoviendo la interacci\u00f3n con el p\u00fablico a trav\u00e9s de cantos y bailes.<\/p>\n\n\n\n<p>\u201cHoy estoy aqu\u00ed gustosamente para traer humor, comedia y diversi\u00f3n. Quiero brindar un espect\u00e1culo que no solo entretenga, sino que tambi\u00e9n ofrezca una catarsis de relajaci\u00f3n\u201d, destac\u00f3 el artista.<\/p>\n\n\n\n<p>Caballero, agradeci\u00f3 a Karelyn Poggioli, presidenta de Asoelec, por su continuo apoyo, al tiempo que destac\u00f3 el compromiso del ministro Jorge M\u00e1rquez con el bienestar del personal.<\/p>\n\n\n\n<p>\u00abEl factor humano es la pieza fundamental de una empresa y el Ministro est\u00e1 haciendo algo importante al llevar energ\u00eda no solo en la parte el\u00e9ctrica, sino tambi\u00e9n como personas\u00bb, acot\u00f3.<\/p>\n\n\n\n<p>Madres del SEN disfrutaron de la obra teatral<br>La presentaci\u00f3n logr\u00f3 su objetivo de brindar un espacio de entretenimiento y relajaci\u00f3n, especialmente significativo para las madres presentes.<\/p>\n\n\n\n<p>Yei Linares, trabajadora de la Fundaci\u00f3n para el Desarrollo del Servicio El\u00e9ctrico (Fundelec), resalt\u00f3 el valor educativo de la obra.<\/p>\n\n\n\n<p>\u00abFue un evento que nos nutri\u00f3 mucho, haciendo hincapi\u00e9 en temas importantes como el bullying, presentando una comedia educativa\u00bb, expres\u00f3.<\/p>\n\n\n\n<p>Por su parte, Giana Chirino, trabajadora de Fundelec, enfatiz\u00f3 la importancia de estos espacios para la salud mental de los trabajadores.<\/p>\n\n\n\n<p>Mientras que, Yoselin Mata, trabajadora de CORPOELEC, agradeci\u00f3 a las autoridades por propiciar estos momentos de esparcimiento para la familia del sector el\u00e9ctrico.<\/p>\n\n\n\n<p>Asimismo, Flor Lares, jubilada de la instituci\u00f3n, manifest\u00f3 su satisfacci\u00f3n. \u00abNos re\u00edmos bastante, felicito estas iniciativas para los jubilados y activos\u00bb.<\/p>\n\n\n\n<p>Asoelec contin\u00faa comprometida con la promoci\u00f3n de espacios que fomenten la integraci\u00f3n y el bienestar de todos los empleados, resaltando la importancia de la salud mental y el esparcimiento en el ambiente laboral.<\/p>\n\n\n\n<p><strong>Prensa MPPEE-CORPOELEC \/ Kris Carrasco<\/strong><\/p>\n","protected":false},"excerpt":{"rendered":"<p>El Marqu\u00e9s, Miranda.- La Asociaci\u00f3n Civil de Trabajadores del Ministerio del Poder Popular para la Energ\u00eda El\u00e9ctrica (Asoelec) present\u00f3 este<\/p>\n","protected":false},"author":22,"featured_media":97033,"comment_status":"closed","ping_status":"closed","sticky":false,"template":"","format":"standard","meta":{"footnotes":""},"categories":[1],"tags":[11,46],"class_list":["post-97032","post","type-post","status-publish","format-standard","has-post-thumbnail","hentry","category-mppee","tag-mppee","tag-venezuela"],"_links":{"self":[{"href":"https:\/\/mppee.gob.ve\/index.php?rest_route=\/wp\/v2\/posts\/97032","targetHints":{"allow":["GET"]}}],"collection":[{"href":"https:\/\/mppee.gob.ve\/index.php?rest_route=\/wp\/v2\/posts"}],"about":[{"href":"https:\/\/mppee.gob.ve\/index.php?rest_route=\/wp\/v2\/types\/post"}],"author":[{"embeddable":true,"href":"https:\/\/mppee.gob.ve\/index.php?rest_route=\/wp\/v2\/users\/22"}],"replies":[{"embeddable":true,"href":"https:\/\/mppee.gob.ve\/index.php?rest_route=%2Fwp%2Fv2%2Fcomments&post=97032"}],"version-history":[{"count":1,"href":"https:\/\/mppee.gob.ve\/index.php?rest_route=\/wp\/v2\/posts\/97032\/revisions"}],"predecessor-version":[{"id":97034,"href":"https:\/\/mppee.gob.ve\/index.php?rest_route=\/wp\/v2\/posts\/97032\/revisions\/97034"}],"wp:featuredmedia":[{"embeddable":true,"href":"https:\/\/mppee.gob.ve\/index.php?rest_route=\/wp\/v2\/media\/97033"}],"wp:attachment":[{"href":"https:\/\/mppee.gob.ve\/index.php?rest_route=%2Fwp%2Fv2%2Fmedia&parent=97032"}],"wp:term":[{"taxonomy":"category","embeddable":true,"href":"https:\/\/mppee.gob.ve\/index.php?rest_route=%2Fwp%2Fv2%2Fcategories&post=97032"},{"taxonomy":"post_tag","embeddable":true,"href":"https:\/\/mppee.gob.ve\/index.php?rest_route=%2Fwp%2Fv2%2Ftags&post=97032"}],"curies":[{"name":"wp","href":"https:\/\/api.w.org\/{rel}","templated":true}]}}