{"id":97068,"date":"2025-05-16T13:59:26","date_gmt":"2025-05-16T13:59:26","guid":{"rendered":"http:\/\/mppee.gob.ve\/?p=97068"},"modified":"2025-05-16T13:59:28","modified_gmt":"2025-05-16T13:59:28","slug":"aplican-mantenimiento-en-lineas-de-transmision-en-sucre","status":"publish","type":"post","link":"https:\/\/mppee.gob.ve\/?p=97068","title":{"rendered":"Aplican mantenimiento en l\u00edneas de transmisi\u00f3n en Sucre"},"content":{"rendered":"\n<p><strong>Estado Sucre.-<\/strong> La clase trabajadora de la Corporaci\u00f3n El\u00e9ctrica Nacional (CORPOELEC), realiz\u00f3 poda de \u00e1rboles selectivas en el corredor de servicio de la l\u00ednea de transmisi\u00f3n Cuman\u00e1 II 230 kV \u2013 Cuman\u00e1 II 115 kV, para beneficiar a m\u00e1s de 200 mil habitantes y garantizar el fortalecimiento del sistema el\u00e9ctrico en la entidad sucrense.<\/p>\n\n\n\n<p>Los operarios adscritos a la Gerencia Estadal de Programaci\u00f3n y Control de Vegetaci\u00f3n, realizaron el despeje de \u00e1rboles en 0.50 kil\u00f3metros, entre las torres de transmisi\u00f3n 173 y 174, ubicados en el sector La Esperanza de Brasil Sur, para optimizar la operatividad de la transmisi\u00f3n de la energ\u00eda el\u00e9ctrica.<\/p>\n\n\n\n<p>De igual manera, se pod\u00f3 0.45 kil\u00f3metros de vegetaci\u00f3n que interfer\u00edan en el tendido de alta tensi\u00f3n asociadas al circuito 13. 8 kV El Pe\u00f1\u00f3n en diferentes puntos de la avenida Car\u00fapano, parroquia Valent\u00edn Valiente de la ciudad de Cuman\u00e1.<\/p>\n\n\n\n<p>Asimismo, se realizaron trabajos en cinco tramos de las redes el\u00e9ctricas de la comunidad La Llanada, asociada al circuito 13.8 kV UDO, a trav\u00e9s de la poda selectiva de \u00e1rboles para evitar posibles aver\u00edas en el sistema el\u00e9ctrico debido al contacto de las ramas con los conductores.<\/p>\n\n\n\n<p>Con estas acciones, el Ministerio del Poder Popular para la Energ\u00eda El\u00e9ctrica (MPPEE) a trav\u00e9s de CORPOELEC contin\u00faan trabajando en funci\u00f3n de consolidar la eficiencia del servicio el\u00e9ctrico a toda la poblaci\u00f3n del estado Sucre.<\/p>\n\n\n\n<p><strong>Prensa MPPEE-CORPOELEC<\/strong><\/p>\n","protected":false},"excerpt":{"rendered":"<p>Estado Sucre.- La clase trabajadora de la Corporaci\u00f3n El\u00e9ctrica Nacional (CORPOELEC), realiz\u00f3 poda de \u00e1rboles selectivas en el corredor de<\/p>\n","protected":false},"author":24,"featured_media":97069,"comment_status":"closed","ping_status":"closed","sticky":false,"template":"","format":"standard","meta":{"footnotes":""},"categories":[30],"tags":[2691,2704,11,2744,2693,46],"class_list":["post-97068","post","type-post","status-publish","format-standard","has-post-thumbnail","hentry","category-regionales","tag-corpoelec","tag-mantenimiento","tag-mppee","tag-sen","tag-sucre","tag-venezuela"],"_links":{"self":[{"href":"https:\/\/mppee.gob.ve\/index.php?rest_route=\/wp\/v2\/posts\/97068","targetHints":{"allow":["GET"]}}],"collection":[{"href":"https:\/\/mppee.gob.ve\/index.php?rest_route=\/wp\/v2\/posts"}],"about":[{"href":"https:\/\/mppee.gob.ve\/index.php?rest_route=\/wp\/v2\/types\/post"}],"author":[{"embeddable":true,"href":"https:\/\/mppee.gob.ve\/index.php?rest_route=\/wp\/v2\/users\/24"}],"replies":[{"embeddable":true,"href":"https:\/\/mppee.gob.ve\/index.php?rest_route=%2Fwp%2Fv2%2Fcomments&post=97068"}],"version-history":[{"count":1,"href":"https:\/\/mppee.gob.ve\/index.php?rest_route=\/wp\/v2\/posts\/97068\/revisions"}],"predecessor-version":[{"id":97070,"href":"https:\/\/mppee.gob.ve\/index.php?rest_route=\/wp\/v2\/posts\/97068\/revisions\/97070"}],"wp:featuredmedia":[{"embeddable":true,"href":"https:\/\/mppee.gob.ve\/index.php?rest_route=\/wp\/v2\/media\/97069"}],"wp:attachment":[{"href":"https:\/\/mppee.gob.ve\/index.php?rest_route=%2Fwp%2Fv2%2Fmedia&parent=97068"}],"wp:term":[{"taxonomy":"category","embeddable":true,"href":"https:\/\/mppee.gob.ve\/index.php?rest_route=%2Fwp%2Fv2%2Fcategories&post=97068"},{"taxonomy":"post_tag","embeddable":true,"href":"https:\/\/mppee.gob.ve\/index.php?rest_route=%2Fwp%2Fv2%2Ftags&post=97068"}],"curies":[{"name":"wp","href":"https:\/\/api.w.org\/{rel}","templated":true}]}}