{"id":97086,"date":"2025-05-16T18:37:13","date_gmt":"2025-05-16T18:37:13","guid":{"rendered":"http:\/\/mppee.gob.ve\/?p=97086"},"modified":"2025-05-16T18:37:56","modified_gmt":"2025-05-16T18:37:56","slug":"brindan-atencion-integral-a-usuarios-cojedenos","status":"publish","type":"post","link":"https:\/\/mppee.gob.ve\/?p=97086","title":{"rendered":"Garantizan atenci\u00f3n integral a usuarios cojede\u00f1os"},"content":{"rendered":"\n<p><strong>Estado Cojedes.-<\/strong> La Corporaci\u00f3n El\u00e9ctrica Nacional (CORPOELEC) realizar\u00e1 este s\u00e1bado 17 de mayo, Jornadas Integrales de Atenci\u00f3n en el estado Cojedes, para brindar a los usuarios la asesor\u00eda necesaria en tr\u00e1mites relacionados con el servicio el\u00e9ctrico.<\/p>\n\n\n\n<p>El despliegue se realizar\u00e1 en el horario comprendido desde las 08:00 de la ma\u00f1ana hasta las 12:00 del mediod\u00eda y estar\u00e1 dirigido a usuarios residenciales de las siguientes comunidades:<\/p>\n\n\n\n<p>&#8211; Avenida Ricaurte, frente a CEFOT, parroquia San Carlos de Austria, municipio Ezequiel Zamora.<\/p>\n\n\n\n<p>&#8211; Avenida Miranda, entre calles P\u00e1ez y Vargas, parroquia Tinaquillo, municipio Tinaquillo.<\/p>\n\n\n\n<p>&#8211; Avenida 5 de Julio, sector Centro, parroquia Jos\u00e9 Laurencio Silva, municipio Tinaco.<\/p>\n\n\n\n<p>&#8211; Sector Centro, calles Bol\u00edvar y Sucre, parroquia El Ba\u00fal, municipio Girardot.<\/p>\n\n\n\n<p>Durante la jornada los usuarios podr\u00e1n actualizar los datos, notificaciones de deudas y pago de facturas por concepto del servicio el\u00e9ctrico, a trav\u00e9s de punto de venta como \u00fanico m\u00e9todo de pago autorizado.<\/p>\n\n\n\n<p>Para mayor informaci\u00f3n sobre las jornadas de atenci\u00f3n, los usuarios pueden visitar nuestras cuentas oficiales en Instagram, @corpoelecinfo y Facebook Corpoelec Informa.<\/p>\n\n\n\n<p><strong>Prensa MPPEE-CORPOELEC<\/strong><\/p>\n\n\n\n<p><\/p>\n","protected":false},"excerpt":{"rendered":"<p>Estado Cojedes.- La Corporaci\u00f3n El\u00e9ctrica Nacional (CORPOELEC) realizar\u00e1 este s\u00e1bado 17 de mayo, Jornadas Integrales de Atenci\u00f3n en el estado<\/p>\n","protected":false},"author":24,"featured_media":96846,"comment_status":"closed","ping_status":"closed","sticky":false,"template":"","format":"standard","meta":{"footnotes":""},"categories":[30],"tags":[2710,2691,2803,11,2744,46],"class_list":["post-97086","post","type-post","status-publish","format-standard","has-post-thumbnail","hentry","category-regionales","tag-cojedes","tag-corpoelec","tag-jornada-de-atencion-al-usuario","tag-mppee","tag-sen","tag-venezuela"],"_links":{"self":[{"href":"https:\/\/mppee.gob.ve\/index.php?rest_route=\/wp\/v2\/posts\/97086","targetHints":{"allow":["GET"]}}],"collection":[{"href":"https:\/\/mppee.gob.ve\/index.php?rest_route=\/wp\/v2\/posts"}],"about":[{"href":"https:\/\/mppee.gob.ve\/index.php?rest_route=\/wp\/v2\/types\/post"}],"author":[{"embeddable":true,"href":"https:\/\/mppee.gob.ve\/index.php?rest_route=\/wp\/v2\/users\/24"}],"replies":[{"embeddable":true,"href":"https:\/\/mppee.gob.ve\/index.php?rest_route=%2Fwp%2Fv2%2Fcomments&post=97086"}],"version-history":[{"count":2,"href":"https:\/\/mppee.gob.ve\/index.php?rest_route=\/wp\/v2\/posts\/97086\/revisions"}],"predecessor-version":[{"id":97088,"href":"https:\/\/mppee.gob.ve\/index.php?rest_route=\/wp\/v2\/posts\/97086\/revisions\/97088"}],"wp:featuredmedia":[{"embeddable":true,"href":"https:\/\/mppee.gob.ve\/index.php?rest_route=\/wp\/v2\/media\/96846"}],"wp:attachment":[{"href":"https:\/\/mppee.gob.ve\/index.php?rest_route=%2Fwp%2Fv2%2Fmedia&parent=97086"}],"wp:term":[{"taxonomy":"category","embeddable":true,"href":"https:\/\/mppee.gob.ve\/index.php?rest_route=%2Fwp%2Fv2%2Fcategories&post=97086"},{"taxonomy":"post_tag","embeddable":true,"href":"https:\/\/mppee.gob.ve\/index.php?rest_route=%2Fwp%2Fv2%2Ftags&post=97086"}],"curies":[{"name":"wp","href":"https:\/\/api.w.org\/{rel}","templated":true}]}}