{"id":97095,"date":"2025-05-16T19:38:28","date_gmt":"2025-05-16T19:38:28","guid":{"rendered":"http:\/\/mppee.gob.ve\/?p=97095"},"modified":"2025-05-17T21:49:01","modified_gmt":"2025-05-17T21:49:01","slug":"corpoelec-ofrecera-jornada-integral-en-comunidades-apurenas","status":"publish","type":"post","link":"https:\/\/mppee.gob.ve\/?p=97095","title":{"rendered":"CORPOELEC ofrecer\u00e1 jornada integral en comunidades apure\u00f1as"},"content":{"rendered":"\n<p><strong>Estado Apure.-<\/strong> La Corporaci\u00f3n El\u00e9ctrica Nacional (CORPOELEC) realizar\u00e1n Jornadas Integrales de Atenci\u00f3n al Usuario, este s\u00e1bado 17 de mayo, en las parroquias San Fernando, Biruaca, Achaguas, Mantecal, Elorza, Guasdualito y San Camilo, en el estado Apure.<\/p>\n\n\n\n<p>En este sentido, el personal de los Centros Integrales de Atenci\u00f3n al Usuario (CIAU) laborar\u00e1 en el horario desde las 8:00 de la ma\u00f1ana hasta las 2:00 de la tarde, para actualizar datos, pagar facturas, formalizar nuevos contratos, asesor\u00eda de Banca en L\u00ednea y atenci\u00f3n a nuevos suscriptores.\u00a0<\/p>\n\n\n\n<p>Los puntos de atenci\u00f3n para las jornadas estar\u00e1n ubicados en:&nbsp;<\/p>\n\n\n\n<p>&#8211; Urbanizaci\u00f3n Las Estrellitas, parroquia San Fernando, municipio San Fernando.<\/p>\n\n\n\n<p>&#8211; Urbanizaci\u00f3n Santa Rufina, parroquia Biruaca, municipio Biruaca.<\/p>\n\n\n\n<p>&#8211; Avenida Los Centauros, parroquia Achaguas, municipio Achaguas.<\/p>\n\n\n\n<p>&#8211; Avenida Libertador, parroquia Mantecal, municipio Mu\u00f1oz.<\/p>\n\n\n\n<p>&#8211; Avenida Juan Vicente Torrealba, parroquia Elorza, municipio R\u00f3mulo Gallegos.<\/p>\n\n\n\n<p>&#8211; Urbanizaci\u00f3n Francisco Padilla, parroquia Guasdualito, municipio P\u00e1ez.&nbsp;<\/p>\n\n\n\n<p>-Sector Polideportivo de El Nula, parroquia San Camilo, municipio P\u00e1ez.&nbsp;<\/p>\n\n\n\n<p>Para mayor informaci\u00f3n sobre las Jornadas Integrales de Atenci\u00f3n al Usuario, puede visitar la cuenta @corpoelecinfo en la red social Instagram.<\/p>\n\n\n\n<p><strong>Prensa MPPEE-CORPOELEC<\/strong><\/p>\n\n\n\n<p><\/p>\n","protected":false},"excerpt":{"rendered":"<p>Estado Apure.- La Corporaci\u00f3n El\u00e9ctrica Nacional (CORPOELEC) realizar\u00e1n Jornadas Integrales de Atenci\u00f3n al Usuario, este s\u00e1bado 17 de mayo, en<\/p>\n","protected":false},"author":24,"featured_media":96861,"comment_status":"closed","ping_status":"closed","sticky":false,"template":"","format":"standard","meta":{"footnotes":""},"categories":[30],"tags":[2722,2691,2803,11,2744,46],"class_list":["post-97095","post","type-post","status-publish","format-standard","has-post-thumbnail","hentry","category-regionales","tag-apure","tag-corpoelec","tag-jornada-de-atencion-al-usuario","tag-mppee","tag-sen","tag-venezuela"],"_links":{"self":[{"href":"https:\/\/mppee.gob.ve\/index.php?rest_route=\/wp\/v2\/posts\/97095","targetHints":{"allow":["GET"]}}],"collection":[{"href":"https:\/\/mppee.gob.ve\/index.php?rest_route=\/wp\/v2\/posts"}],"about":[{"href":"https:\/\/mppee.gob.ve\/index.php?rest_route=\/wp\/v2\/types\/post"}],"author":[{"embeddable":true,"href":"https:\/\/mppee.gob.ve\/index.php?rest_route=\/wp\/v2\/users\/24"}],"replies":[{"embeddable":true,"href":"https:\/\/mppee.gob.ve\/index.php?rest_route=%2Fwp%2Fv2%2Fcomments&post=97095"}],"version-history":[{"count":2,"href":"https:\/\/mppee.gob.ve\/index.php?rest_route=\/wp\/v2\/posts\/97095\/revisions"}],"predecessor-version":[{"id":97119,"href":"https:\/\/mppee.gob.ve\/index.php?rest_route=\/wp\/v2\/posts\/97095\/revisions\/97119"}],"wp:featuredmedia":[{"embeddable":true,"href":"https:\/\/mppee.gob.ve\/index.php?rest_route=\/wp\/v2\/media\/96861"}],"wp:attachment":[{"href":"https:\/\/mppee.gob.ve\/index.php?rest_route=%2Fwp%2Fv2%2Fmedia&parent=97095"}],"wp:term":[{"taxonomy":"category","embeddable":true,"href":"https:\/\/mppee.gob.ve\/index.php?rest_route=%2Fwp%2Fv2%2Fcategories&post=97095"},{"taxonomy":"post_tag","embeddable":true,"href":"https:\/\/mppee.gob.ve\/index.php?rest_route=%2Fwp%2Fv2%2Ftags&post=97095"}],"curies":[{"name":"wp","href":"https:\/\/api.w.org\/{rel}","templated":true}]}}