{"id":97114,"date":"2025-05-17T20:36:40","date_gmt":"2025-05-17T20:36:40","guid":{"rendered":"http:\/\/mppee.gob.ve\/?p=97114"},"modified":"2025-05-17T20:36:42","modified_gmt":"2025-05-17T20:36:42","slug":"corpoelec-ofrecera-atencion-al-usuarios-con-despliegue-en-centros-comerciales-de-maturin","status":"publish","type":"post","link":"https:\/\/mppee.gob.ve\/?p=97114","title":{"rendered":"Corpoelec ofrecer\u00e1 atenci\u00f3n al usuarios con despliegue en centros comerciales de Matur\u00edn"},"content":{"rendered":"\n<p><strong>Estado Monagas.- <\/strong>Durante los d\u00edas lunes 19, martes 20 y mi\u00e9rcoles 21 de mayo, la Corporaci\u00f3n El\u00e9ctrica Nacional (CORPOELEC) se desplegar\u00e1\u00a0 en centros comerciales ubicados en la ciudad de Matur\u00edn para atender a usuarios monaguenses.Las jornadas integrales se realizar\u00e1n desde las 9:00 de la ma\u00f1ana hasta 3:00 de la tarde y los usuarios podr\u00e1n actualizar datos, recibir asesoramiento especializado, as\u00ed como pagar la factura por consumo de energ\u00eda el\u00e9ctrica.<\/p>\n\n\n\n<p>El stand de CORPOELEC estar\u00e1 dispuesto en los siguientes puntos de la capital monaguense.<\/p>\n\n\n\n<p>Lunes 19:&nbsp; Centro Comercial La Cascada, ubicado en la v\u00eda carretera sur.<\/p>\n\n\n\n<p>Martes 20: Centro Comercial Monagas Plaza, ubicado en la Avenida Alirio Ugarte Pelayo.<\/p>\n\n\n\n<p>Mi\u00e9rcoles 21: Centro Comercial Servimas, ubicado en la Avenida Alirio Ugarte Pelayo.<\/p>\n\n\n\n<p>Para m\u00e1s informaci\u00f3n sobre las Jornadas Integrales de Atenci\u00f3n al Usuario, puede seguir la cuenta @corpoelecinfo en Instagram.<\/p>\n\n\n\n<p><strong>Prensa MPPEE-Corpoelec<\/strong><\/p>\n","protected":false},"excerpt":{"rendered":"<p>Estado Monagas.- Durante los d\u00edas lunes 19, martes 20 y mi\u00e9rcoles 21 de mayo, la Corporaci\u00f3n El\u00e9ctrica Nacional (CORPOELEC) se<\/p>\n","protected":false},"author":22,"featured_media":96846,"comment_status":"closed","ping_status":"closed","sticky":false,"template":"","format":"standard","meta":{"footnotes":""},"categories":[30],"tags":[2691,3028,2703,11,2744],"class_list":["post-97114","post","type-post","status-publish","format-standard","has-post-thumbnail","hentry","category-regionales","tag-corpoelec","tag-monafas","tag-monagas","tag-mppee","tag-sen"],"_links":{"self":[{"href":"https:\/\/mppee.gob.ve\/index.php?rest_route=\/wp\/v2\/posts\/97114","targetHints":{"allow":["GET"]}}],"collection":[{"href":"https:\/\/mppee.gob.ve\/index.php?rest_route=\/wp\/v2\/posts"}],"about":[{"href":"https:\/\/mppee.gob.ve\/index.php?rest_route=\/wp\/v2\/types\/post"}],"author":[{"embeddable":true,"href":"https:\/\/mppee.gob.ve\/index.php?rest_route=\/wp\/v2\/users\/22"}],"replies":[{"embeddable":true,"href":"https:\/\/mppee.gob.ve\/index.php?rest_route=%2Fwp%2Fv2%2Fcomments&post=97114"}],"version-history":[{"count":1,"href":"https:\/\/mppee.gob.ve\/index.php?rest_route=\/wp\/v2\/posts\/97114\/revisions"}],"predecessor-version":[{"id":97115,"href":"https:\/\/mppee.gob.ve\/index.php?rest_route=\/wp\/v2\/posts\/97114\/revisions\/97115"}],"wp:featuredmedia":[{"embeddable":true,"href":"https:\/\/mppee.gob.ve\/index.php?rest_route=\/wp\/v2\/media\/96846"}],"wp:attachment":[{"href":"https:\/\/mppee.gob.ve\/index.php?rest_route=%2Fwp%2Fv2%2Fmedia&parent=97114"}],"wp:term":[{"taxonomy":"category","embeddable":true,"href":"https:\/\/mppee.gob.ve\/index.php?rest_route=%2Fwp%2Fv2%2Fcategories&post=97114"},{"taxonomy":"post_tag","embeddable":true,"href":"https:\/\/mppee.gob.ve\/index.php?rest_route=%2Fwp%2Fv2%2Ftags&post=97114"}],"curies":[{"name":"wp","href":"https:\/\/api.w.org\/{rel}","templated":true}]}}