{"id":97120,"date":"2025-05-17T22:02:19","date_gmt":"2025-05-17T22:02:19","guid":{"rendered":"http:\/\/mppee.gob.ve\/?p=97120"},"modified":"2025-05-17T22:02:21","modified_gmt":"2025-05-17T22:02:21","slug":"corpoelec-brindo-atencion-a-los-habitantes-de-ciudad-belen","status":"publish","type":"post","link":"https:\/\/mppee.gob.ve\/?p=97120","title":{"rendered":"CORPOELEC brind\u00f3 atenci\u00f3n a los habitantes de Ciudad Bel\u00e9n"},"content":{"rendered":"\n<p><strong>Ciudad Bel\u00e9n, estado Miranda.-<\/strong> La Corporaci\u00f3n El\u00e9ctrica Nacional (CORPOELEC) realiz\u00f3 este s\u00e1bado una jornada de atenci\u00f3n al usuario para los habitantes de la Terraza 1 del urbanismo Ciudad Socialista Bel\u00e9n, ubicado en Guarenas estado Miranda, donde residen m\u00e1s de 540 familias.<\/p>\n\n\n\n<p>Entre los servicios ofrecidos a los habitantes del populoso sector mirandino destacan: gesti\u00f3n y asesor\u00eda de pagos, actualizaci\u00f3n de datos y despeje de dudas sobre la prestaci\u00f3n del servicio.<\/p>\n\n\n\n<p>Yadliu Delgado, coordinadora estadal de usuarios masivos de CORPOELEC, subray\u00f3 la importancia de llevar este tipo de jornadas a las comunidades y ver la satisfacci\u00f3n de los usuarios que ven atendidas sus inquietudes sobre el servicio el\u00e9ctrico.<\/p>\n\n\n\n<p>\u201cHemos tenido una buena comunicaci\u00f3n, venimos a establecer un contacto directo y a promover entre los usuarios la cultura del pago. Es importante que el usuario tenga conocimiento de su facturaci\u00f3n, as\u00ed como tambi\u00e9n brindarles una respuesta oportuna a sus requerimientos\u201d, detall\u00f3.<\/p>\n\n\n\n<p>En ese orden, exhort\u00f3 a las comunidades a conjuntamente \u201cllevar el mensaje del uso eficiente de la energ\u00eda a nuestros hijos y familiares y darle el valor que representa el servicio el\u00e9ctrico para el pa\u00eds\u201d, enfatiz\u00f3 Delgado.<\/p>\n\n\n\n<p>Por su parte, Glenda Rivero, habitante del sector, agradeci\u00f3 la respuesta inmediata de CORPOELEC al visitar este urbanismo, al tiempo que solicit\u00f3 que se ampl\u00eden estas jornadas dentro de las comunidades.<\/p>\n\n\n\n<p><strong>Prensa MPPEE-CORPOELEC \/ Lyan Pe\u00f1aloza<\/strong><\/p>\n\n\n\n<p><\/p>\n","protected":false},"excerpt":{"rendered":"<p>Ciudad Bel\u00e9n, estado Miranda.- La Corporaci\u00f3n El\u00e9ctrica Nacional (CORPOELEC) realiz\u00f3 este s\u00e1bado una jornada de atenci\u00f3n al usuario para los<\/p>\n","protected":false},"author":22,"featured_media":97121,"comment_status":"closed","ping_status":"closed","sticky":false,"template":"","format":"standard","meta":{"footnotes":""},"categories":[30],"tags":[2691,2709,11,2744,46],"class_list":["post-97120","post","type-post","status-publish","format-standard","has-post-thumbnail","hentry","category-regionales","tag-corpoelec","tag-miranda","tag-mppee","tag-sen","tag-venezuela"],"_links":{"self":[{"href":"https:\/\/mppee.gob.ve\/index.php?rest_route=\/wp\/v2\/posts\/97120","targetHints":{"allow":["GET"]}}],"collection":[{"href":"https:\/\/mppee.gob.ve\/index.php?rest_route=\/wp\/v2\/posts"}],"about":[{"href":"https:\/\/mppee.gob.ve\/index.php?rest_route=\/wp\/v2\/types\/post"}],"author":[{"embeddable":true,"href":"https:\/\/mppee.gob.ve\/index.php?rest_route=\/wp\/v2\/users\/22"}],"replies":[{"embeddable":true,"href":"https:\/\/mppee.gob.ve\/index.php?rest_route=%2Fwp%2Fv2%2Fcomments&post=97120"}],"version-history":[{"count":1,"href":"https:\/\/mppee.gob.ve\/index.php?rest_route=\/wp\/v2\/posts\/97120\/revisions"}],"predecessor-version":[{"id":97122,"href":"https:\/\/mppee.gob.ve\/index.php?rest_route=\/wp\/v2\/posts\/97120\/revisions\/97122"}],"wp:featuredmedia":[{"embeddable":true,"href":"https:\/\/mppee.gob.ve\/index.php?rest_route=\/wp\/v2\/media\/97121"}],"wp:attachment":[{"href":"https:\/\/mppee.gob.ve\/index.php?rest_route=%2Fwp%2Fv2%2Fmedia&parent=97120"}],"wp:term":[{"taxonomy":"category","embeddable":true,"href":"https:\/\/mppee.gob.ve\/index.php?rest_route=%2Fwp%2Fv2%2Fcategories&post=97120"},{"taxonomy":"post_tag","embeddable":true,"href":"https:\/\/mppee.gob.ve\/index.php?rest_route=%2Fwp%2Fv2%2Ftags&post=97120"}],"curies":[{"name":"wp","href":"https:\/\/api.w.org\/{rel}","templated":true}]}}