{"id":97140,"date":"2025-05-19T17:56:52","date_gmt":"2025-05-19T17:56:52","guid":{"rendered":"http:\/\/mppee.gob.ve\/?p=97140"},"modified":"2025-05-19T17:56:54","modified_gmt":"2025-05-19T17:56:54","slug":"presidente-maduro-ordena-fortalecer-proteccion-al-sen-de-cara-a-los-comicios-del-25-m","status":"publish","type":"post","link":"https:\/\/mppee.gob.ve\/?p=97140","title":{"rendered":"Presidente Maduro ordena fortalecer protecci\u00f3n al SEN de cara a los comicios del 25-M"},"content":{"rendered":"\n<p><strong>San Bernardino, Caracas.- <\/strong>El presidente de la Rep\u00fablica Bolivariana de Venezuela, Nicol\u00e1s Maduro, orden\u00f3 este lunes fortalecer las pol\u00edticas de protecci\u00f3n y seguridad al Sistema El\u00e9ctrico Nacional (SEN) de cara a las elecciones regionales y legislativas que se celebrar\u00e1n el pr\u00f3ximo domingo 25 de mayo.<\/p>\n\n\n\n<p>Durante una reuni\u00f3n de coordinaci\u00f3n con los Organismos de Seguridad del Estado venezolano, en el Palacio de Miraflores, el Jefe de Estado llam\u00f3 a la activaci\u00f3n inmediata de los planes de defensa frente a los constantes ataques terroristas perpetrados en contra del SEN.<\/p>\n\n\n\n<p>\u201cNo han cesado en su intento de atacar el sistema el\u00e9ctrico permanente, hay que reforzar de inmediato todos los planes de protecci\u00f3n del sistema el\u00e9ctrico, desde las tanquillas de las parroquias y barrios hasta los grandes generadores y transmisores. Primera l\u00ednea de protecci\u00f3n: el sistema el\u00e9ctrico\u201d, precis\u00f3 el Presidente.<\/p>\n\n\n\n<p>El Mandatario nacional record\u00f3 que en julio de 2024 se ejecut\u00f3 un plan que pretend\u00eda dejar a Venezuela sin luz y se registraron dos ataques al SEN el 28 de julio, d\u00eda que se llevaban a cabo las elecciones presidenciales.<\/p>\n\n\n\n<p>Por ello, alert\u00f3 a \u201cestar pendiente de eso al m\u00e1ximo\u201d, al tiempo que exhort\u00f3 a activar el \u201csistema de inteligencia permanente, popular, militar, policial y el patrullaje bien coordinado en los Cuadrantes de Paz con capacidad de reacci\u00f3n frente a cualquier situaci\u00f3n\u201d.<\/p>\n\n\n\n<p>Este domingo 25 de mayo, los venezolanos protagonizar\u00e1n una nueva jornada electoral para elegir 569 cargos, de los cuales 285 son diputados a la Asamblea Nacional (AN), 260 legisladores y gobernadores en las regiones del pa\u00eds.<\/p>\n\n\n\n<p><strong>Prensa MPPEE-CORPOELEC \/ Rosiris Ortega<\/strong><\/p>\n\n\n\n<p><\/p>\n","protected":false},"excerpt":{"rendered":"<p>San Bernardino, Caracas.- El presidente de la Rep\u00fablica Bolivariana de Venezuela, Nicol\u00e1s Maduro, orden\u00f3 este lunes fortalecer las pol\u00edticas de<\/p>\n","protected":false},"author":24,"featured_media":97141,"comment_status":"closed","ping_status":"closed","sticky":false,"template":"","format":"standard","meta":{"footnotes":""},"categories":[15],"tags":[2691,11,2744,46],"class_list":["post-97140","post","type-post","status-publish","format-standard","has-post-thumbnail","hentry","category-nacionales","tag-corpoelec","tag-mppee","tag-sen","tag-venezuela"],"_links":{"self":[{"href":"https:\/\/mppee.gob.ve\/index.php?rest_route=\/wp\/v2\/posts\/97140","targetHints":{"allow":["GET"]}}],"collection":[{"href":"https:\/\/mppee.gob.ve\/index.php?rest_route=\/wp\/v2\/posts"}],"about":[{"href":"https:\/\/mppee.gob.ve\/index.php?rest_route=\/wp\/v2\/types\/post"}],"author":[{"embeddable":true,"href":"https:\/\/mppee.gob.ve\/index.php?rest_route=\/wp\/v2\/users\/24"}],"replies":[{"embeddable":true,"href":"https:\/\/mppee.gob.ve\/index.php?rest_route=%2Fwp%2Fv2%2Fcomments&post=97140"}],"version-history":[{"count":1,"href":"https:\/\/mppee.gob.ve\/index.php?rest_route=\/wp\/v2\/posts\/97140\/revisions"}],"predecessor-version":[{"id":97142,"href":"https:\/\/mppee.gob.ve\/index.php?rest_route=\/wp\/v2\/posts\/97140\/revisions\/97142"}],"wp:featuredmedia":[{"embeddable":true,"href":"https:\/\/mppee.gob.ve\/index.php?rest_route=\/wp\/v2\/media\/97141"}],"wp:attachment":[{"href":"https:\/\/mppee.gob.ve\/index.php?rest_route=%2Fwp%2Fv2%2Fmedia&parent=97140"}],"wp:term":[{"taxonomy":"category","embeddable":true,"href":"https:\/\/mppee.gob.ve\/index.php?rest_route=%2Fwp%2Fv2%2Fcategories&post=97140"},{"taxonomy":"post_tag","embeddable":true,"href":"https:\/\/mppee.gob.ve\/index.php?rest_route=%2Fwp%2Fv2%2Ftags&post=97140"}],"curies":[{"name":"wp","href":"https:\/\/api.w.org\/{rel}","templated":true}]}}