{"id":97180,"date":"2025-05-21T13:40:02","date_gmt":"2025-05-21T13:40:02","guid":{"rendered":"http:\/\/mppee.gob.ve\/?p=97180"},"modified":"2025-05-21T13:40:04","modified_gmt":"2025-05-21T13:40:04","slug":"mantenimientos-en-subestaciones-favorecen-a-mas-de-64-mil-portuguesenos","status":"publish","type":"post","link":"https:\/\/mppee.gob.ve\/?p=97180","title":{"rendered":"Mantenimientos en subestaciones favorecen a m\u00e1s de 64 mil portuguese\u00f1os"},"content":{"rendered":"\n<p><strong>Estado Portuguesa.- <\/strong>La clase trabajadora de la Corporaci\u00f3n El\u00e9ctrica Nacional (CORPOELEC) realiz\u00f3 adecuaciones en la subestaci\u00f3n Acarigua II, para fortalecer el servicio brindado a m\u00e1s 64 mil usuarios de los municipios P\u00e1ez y Araure, en el estado Portuguesa.<\/p>\n\n\n\n<p>Las labores efectuadas en la salida de los circuitos Durigua, Tecnol\u00f3gico y Circunvalaci\u00f3n, contemplaron mejoras, sustituci\u00f3n de componentes, revisi\u00f3n, medici\u00f3n y ajustes generales, que garantizan el funcionamiento \u00f3ptimo del transformador de potencia n\u00famero II de esta instalaci\u00f3n.&nbsp;<\/p>\n\n\n\n<p>Asimismo, el personal especializado realiz\u00f3 correctivos en la torre 191, asociada a la l\u00ednea de transmisi\u00f3n Araure \u2013 Guanare 115kV, para optimizar el transporte de la electricidad en esta entidad llanera.<\/p>\n\n\n\n<p>Por otra parte, las cuadrillas operativas instalaron 26 l\u00e1mparas LED de 300 vatios en las subestaciones Tur\u00e9n II y Ospino, con el prop\u00f3sito de optimizar la iluminaci\u00f3n en dichos centros de trabajo, lo cual contribuye en la seguridad del personal al momento de realizar las operaciones en el sistema.<\/p>\n\n\n\n<p>Los trabajadores del sector el\u00e9ctrico se mantienen activos en el cumplimiento de las estrategias de trabajo establecidos por CORPOELEC, en aras de brindar un suministro de energ\u00eda confiable a la poblaci\u00f3n portuguese\u00f1a.<\/p>\n\n\n\n<p><strong>Prensa MPPEE-CORPOELEC<\/strong><\/p>\n\n\n\n<p><\/p>\n","protected":false},"excerpt":{"rendered":"<p>Estado Portuguesa.- La clase trabajadora de la Corporaci\u00f3n El\u00e9ctrica Nacional (CORPOELEC) realiz\u00f3 adecuaciones en la subestaci\u00f3n Acarigua II, para fortalecer<\/p>\n","protected":false},"author":24,"featured_media":97181,"comment_status":"closed","ping_status":"closed","sticky":false,"template":"","format":"standard","meta":{"footnotes":""},"categories":[30],"tags":[2691,2976,11,2725,2744,46],"class_list":["post-97180","post","type-post","status-publish","format-standard","has-post-thumbnail","hentry","category-regionales","tag-corpoelec","tag-mantenimientos","tag-mppee","tag-portuguesa","tag-sen","tag-venezuela"],"_links":{"self":[{"href":"https:\/\/mppee.gob.ve\/index.php?rest_route=\/wp\/v2\/posts\/97180","targetHints":{"allow":["GET"]}}],"collection":[{"href":"https:\/\/mppee.gob.ve\/index.php?rest_route=\/wp\/v2\/posts"}],"about":[{"href":"https:\/\/mppee.gob.ve\/index.php?rest_route=\/wp\/v2\/types\/post"}],"author":[{"embeddable":true,"href":"https:\/\/mppee.gob.ve\/index.php?rest_route=\/wp\/v2\/users\/24"}],"replies":[{"embeddable":true,"href":"https:\/\/mppee.gob.ve\/index.php?rest_route=%2Fwp%2Fv2%2Fcomments&post=97180"}],"version-history":[{"count":1,"href":"https:\/\/mppee.gob.ve\/index.php?rest_route=\/wp\/v2\/posts\/97180\/revisions"}],"predecessor-version":[{"id":97182,"href":"https:\/\/mppee.gob.ve\/index.php?rest_route=\/wp\/v2\/posts\/97180\/revisions\/97182"}],"wp:featuredmedia":[{"embeddable":true,"href":"https:\/\/mppee.gob.ve\/index.php?rest_route=\/wp\/v2\/media\/97181"}],"wp:attachment":[{"href":"https:\/\/mppee.gob.ve\/index.php?rest_route=%2Fwp%2Fv2%2Fmedia&parent=97180"}],"wp:term":[{"taxonomy":"category","embeddable":true,"href":"https:\/\/mppee.gob.ve\/index.php?rest_route=%2Fwp%2Fv2%2Fcategories&post=97180"},{"taxonomy":"post_tag","embeddable":true,"href":"https:\/\/mppee.gob.ve\/index.php?rest_route=%2Fwp%2Fv2%2Ftags&post=97180"}],"curies":[{"name":"wp","href":"https:\/\/api.w.org\/{rel}","templated":true}]}}