{"id":97198,"date":"2025-05-21T15:23:59","date_gmt":"2025-05-21T15:23:59","guid":{"rendered":"http:\/\/mppee.gob.ve\/?p=97198"},"modified":"2025-05-21T16:16:39","modified_gmt":"2025-05-21T16:16:39","slug":"potencian-sistema-de-generacion-en-los-complejos-planta-ii-y-argimiro-gabaldon-de-lara","status":"publish","type":"post","link":"https:\/\/mppee.gob.ve\/?p=97198","title":{"rendered":"Potencian sistema de generaci\u00f3n en los complejos Planta II y Argimiro Gabald\u00f3n de Lara"},"content":{"rendered":"\n<p><strong>Estado Lara.-<\/strong> Con el fin de avanzar en la consolidaci\u00f3n y fortalecimiento del Sistema El\u00e9ctrico Nacional (SEN), la clase trabajadora de la Corporaci\u00f3n El\u00e9ctrica Nacional (CORPOELEC), realiz\u00f3 mantenimiento preventivo y correctivo en complejos de generaci\u00f3n el\u00e9ctrica del estado Lara.<\/p>\n\n\n\n<p>Los trabajos que se llevaron a cabo en las turbinas PB04, PB05 de Planta II y AG03 de Argimiro Gabald\u00f3n, comprendieron la revisi\u00f3n, diagn\u00f3stico, verificaci\u00f3n, reemplazo, acoplamiento y adecuaci\u00f3n de equipos electromec\u00e1nicos.<\/p>\n\n\n\n<p>Estas maniobras t\u00e9cnicas, reafirman la vocaci\u00f3n y gran compromiso de los operarios de la estatal el\u00e9ctrica, en garantizar un servicio confiable a m\u00e1s de 168 mil personas residenciadas en la entidad larense.<\/p>\n\n\n\n<p>Las acciones contempladas en el Plan de Estabilizaci\u00f3n y Fortalecimiento del Sistema El\u00e9ctrico que adelanta CORPOELEC a escala nacional, contribuyen a maximizar la operatividad de los complejos de Generaci\u00f3n Planta II y Argimiro Gabald\u00f3n, para el buen vivir de todos los habitantes del estado occidental.<\/p>\n\n\n\n<p><strong>Prensa MPPEE-CORPOELEC<\/strong><\/p>\n\n\n\n<p><\/p>\n","protected":false},"excerpt":{"rendered":"<p>Estado Lara.- Con el fin de avanzar en la consolidaci\u00f3n y fortalecimiento del Sistema El\u00e9ctrico Nacional (SEN), la clase trabajadora<\/p>\n","protected":false},"author":24,"featured_media":97201,"comment_status":"closed","ping_status":"closed","sticky":false,"template":"","format":"standard","meta":{"footnotes":""},"categories":[30],"tags":[2691,2690,11,2744,46],"class_list":["post-97198","post","type-post","status-publish","format-standard","has-post-thumbnail","hentry","category-regionales","tag-corpoelec","tag-lara","tag-mppee","tag-sen","tag-venezuela"],"_links":{"self":[{"href":"https:\/\/mppee.gob.ve\/index.php?rest_route=\/wp\/v2\/posts\/97198","targetHints":{"allow":["GET"]}}],"collection":[{"href":"https:\/\/mppee.gob.ve\/index.php?rest_route=\/wp\/v2\/posts"}],"about":[{"href":"https:\/\/mppee.gob.ve\/index.php?rest_route=\/wp\/v2\/types\/post"}],"author":[{"embeddable":true,"href":"https:\/\/mppee.gob.ve\/index.php?rest_route=\/wp\/v2\/users\/24"}],"replies":[{"embeddable":true,"href":"https:\/\/mppee.gob.ve\/index.php?rest_route=%2Fwp%2Fv2%2Fcomments&post=97198"}],"version-history":[{"count":1,"href":"https:\/\/mppee.gob.ve\/index.php?rest_route=\/wp\/v2\/posts\/97198\/revisions"}],"predecessor-version":[{"id":97200,"href":"https:\/\/mppee.gob.ve\/index.php?rest_route=\/wp\/v2\/posts\/97198\/revisions\/97200"}],"wp:featuredmedia":[{"embeddable":true,"href":"https:\/\/mppee.gob.ve\/index.php?rest_route=\/wp\/v2\/media\/97201"}],"wp:attachment":[{"href":"https:\/\/mppee.gob.ve\/index.php?rest_route=%2Fwp%2Fv2%2Fmedia&parent=97198"}],"wp:term":[{"taxonomy":"category","embeddable":true,"href":"https:\/\/mppee.gob.ve\/index.php?rest_route=%2Fwp%2Fv2%2Fcategories&post=97198"},{"taxonomy":"post_tag","embeddable":true,"href":"https:\/\/mppee.gob.ve\/index.php?rest_route=%2Fwp%2Fv2%2Ftags&post=97198"}],"curies":[{"name":"wp","href":"https:\/\/api.w.org\/{rel}","templated":true}]}}