{"id":97213,"date":"2025-05-21T17:56:28","date_gmt":"2025-05-21T17:56:28","guid":{"rendered":"http:\/\/mppee.gob.ve\/?p=97213"},"modified":"2025-05-21T17:56:29","modified_gmt":"2025-05-21T17:56:29","slug":"orquesta-latinocaribena-deleita-con-un-emotivo-homenaje-a-las-madres-del-sector-electrico","status":"publish","type":"post","link":"https:\/\/mppee.gob.ve\/?p=97213","title":{"rendered":"Orquesta Latinocaribe\u00f1a deleita con un emotivo homenaje a las madres del sector el\u00e9ctrico"},"content":{"rendered":"\n<p><strong>San Bernardino, Caracas.- <\/strong>Al ritmo contagioso de la salsa y el merengue, la Orquesta Latinocaribe\u00f1a del n\u00facleo del 23 de Enero, perteneciente a \u201cEl Sistema\u201d brind\u00f3 un vibrante concierto en el auditorio del Ministerio del Poder Popular para la Energ\u00eda El\u00e9ctrica (MPPEE), en San Bernardino.<\/p>\n\n\n\n<p>Este evento, organizado por la Asociaci\u00f3n Civil de Trabajadores del Ministerio del Poder Popular para la Energ\u00eda El\u00e9ctrica (Asoelec), forma parte del ciclo de conciertos que se han realizado en las distintas sedes del sector el\u00e9ctrico, en honor al mes de las madres, destacando especialmente a las mujeres trabajadoras del sector el\u00e9ctrico nacional.<\/p>\n\n\n\n<p>Nadiezka Monserrat, trabajadora de la Gerencia General de Fuentes Alternas y Uso Racional de la Energ\u00eda El\u00e9ctrica, expres\u00f3 su agradecimiento al Ministro M\u00e1rquez y a la presidenta de Asoelec, Karelyn Poggioli, por la invitaci\u00f3n a este tributo.<\/p>\n\n\n\n<p>\u00abMe pareci\u00f3 muy buena la experiencia, creo que todas la disfrutamos, una vez m\u00e1s, agradecemos la convocatoria. Esperamos que se repita\u00bb, afirm\u00f3 Monserrat.<\/p>\n\n\n\n<p>Por su parte, Yuleima Vargas, trabajadora de la Gerencia General de Finanzas, comparti\u00f3 su entusiasmo, afirmando que el homenaje fue un verdadero tributo a todas las madres y que el concierto super\u00f3 sus expectativas iniciales.<\/p>\n\n\n\n<p>Mientras que, Ingrid \u00c1lvarez, jubilada del sector, calific\u00f3 como \u00abexcelente, se pas\u00f3 muy bien. Este tipo de actividades de integraci\u00f3n entre jubilados y el personal activo nos ayuda a unirnos. Gracias al Ministerio, gracias a CORPOELEC\u00bb.<\/p>\n\n\n\n<p>Diana Quiroz, tambi\u00e9n jubilada, agreg\u00f3 que el sistema creado por el maestro Abreu es \u00abmagn\u00edfico\u00bb, y abog\u00f3 por la realizaci\u00f3n de m\u00e1s conciertos en la sede del Sistema.<\/p>\n\n\n\n<p>Finalmente, Elizabeth Ibarra, trabajadora de Fundaci\u00f3n Servicio de Alimentaci\u00f3n para los Trabajadores y Trabajadoras del Sector El\u00e9ctrico Nacional (Funsasen), destac\u00f3 la importancia de este tipo de eventos como un encuentro con el origen latino y un agradecimiento por momentos de esparcimiento.<\/p>\n\n\n\n<p>\u00abAgradezco a nuestro Ministro y al personal de Asoelec que hacen posible estos eventos\u00bb, concluy\u00f3 Ibarra.<\/p>\n\n\n\n<p>Este emotivo concierto no solo celebr\u00f3 a las madres, sino que tambi\u00e9n reafirm\u00f3 la uni\u00f3n y el esp\u00edritu comunitario dentro del sector el\u00e9ctrico, resaltando la importancia de la cultura y la m\u00fasica como herramientas de integraci\u00f3n y celebraci\u00f3n.<\/p>\n\n\n\n<p><strong>Prensa MPPEE-CORPOELEC \/ Kris Carrasco<\/strong><\/p>\n\n\n\n<p><\/p>\n","protected":false},"excerpt":{"rendered":"<p>San Bernardino, Caracas.- Al ritmo contagioso de la salsa y el merengue, la Orquesta Latinocaribe\u00f1a del n\u00facleo del 23 de<\/p>\n","protected":false},"author":24,"featured_media":97214,"comment_status":"closed","ping_status":"closed","sticky":false,"template":"","format":"standard","meta":{"footnotes":""},"categories":[1],"tags":[2687,2691,11,46],"class_list":["post-97213","post","type-post","status-publish","format-standard","has-post-thumbnail","hentry","category-mppee","tag-asoelec","tag-corpoelec","tag-mppee","tag-venezuela"],"_links":{"self":[{"href":"https:\/\/mppee.gob.ve\/index.php?rest_route=\/wp\/v2\/posts\/97213","targetHints":{"allow":["GET"]}}],"collection":[{"href":"https:\/\/mppee.gob.ve\/index.php?rest_route=\/wp\/v2\/posts"}],"about":[{"href":"https:\/\/mppee.gob.ve\/index.php?rest_route=\/wp\/v2\/types\/post"}],"author":[{"embeddable":true,"href":"https:\/\/mppee.gob.ve\/index.php?rest_route=\/wp\/v2\/users\/24"}],"replies":[{"embeddable":true,"href":"https:\/\/mppee.gob.ve\/index.php?rest_route=%2Fwp%2Fv2%2Fcomments&post=97213"}],"version-history":[{"count":1,"href":"https:\/\/mppee.gob.ve\/index.php?rest_route=\/wp\/v2\/posts\/97213\/revisions"}],"predecessor-version":[{"id":97215,"href":"https:\/\/mppee.gob.ve\/index.php?rest_route=\/wp\/v2\/posts\/97213\/revisions\/97215"}],"wp:featuredmedia":[{"embeddable":true,"href":"https:\/\/mppee.gob.ve\/index.php?rest_route=\/wp\/v2\/media\/97214"}],"wp:attachment":[{"href":"https:\/\/mppee.gob.ve\/index.php?rest_route=%2Fwp%2Fv2%2Fmedia&parent=97213"}],"wp:term":[{"taxonomy":"category","embeddable":true,"href":"https:\/\/mppee.gob.ve\/index.php?rest_route=%2Fwp%2Fv2%2Fcategories&post=97213"},{"taxonomy":"post_tag","embeddable":true,"href":"https:\/\/mppee.gob.ve\/index.php?rest_route=%2Fwp%2Fv2%2Ftags&post=97213"}],"curies":[{"name":"wp","href":"https:\/\/api.w.org\/{rel}","templated":true}]}}