{"id":97221,"date":"2025-05-22T15:44:22","date_gmt":"2025-05-22T15:44:22","guid":{"rendered":"http:\/\/mppee.gob.ve\/?p=97221"},"modified":"2025-05-22T15:44:24","modified_gmt":"2025-05-22T15:44:24","slug":"despejan-mas-de-mil-hectareas-asociadas-a-las-lineas-de-transmision-en-portuguesa","status":"publish","type":"post","link":"https:\/\/mppee.gob.ve\/?p=97221","title":{"rendered":"Despejan m\u00e1s de mil hect\u00e1reas asociadas a las l\u00edneas de transmisi\u00f3n en Portuguesa"},"content":{"rendered":"\n<p><strong>Estado Portuguesa.- <\/strong>En aras de fortalecer el transporte de la energ\u00eda, la clase trabajadora de la Corporaci\u00f3n El\u00e9ctrica Nacional (CORPOELEC), ha despejado 1.196 hect\u00e1reas en los corredores de transmisi\u00f3n, ubicadas en el estado Portuguesa.<\/p>\n\n\n\n<p>Las acciones han permitido abordar las l\u00edneas Acarigua II &#8211; Las Flores \u2013 Barinas IV 230 kV, Acarigua II \/ San Rafael de Onoto 115kV, Acarigua II Araure, Araure Guanare 115kV y Ospino \u2013 Guanare, en aras de robustecer el servicio brindado a m\u00e1s de 441 mil habitantes de la entidad llanera.<\/p>\n\n\n\n<p>Las labores que abarcan 946 torres de alta tensi\u00f3n, consisten en el desmalezamiento y adecuaciones generales que contribuyen con la operatividad de las redes de transmisi\u00f3n y la continuidad en el suministro de la energ\u00eda en la regi\u00f3n.<\/p>\n\n\n\n<p>CORPOELEC avanza en el cumplimiento de las estrategias planificadas desde el Ministerio del Poder Popular para la Energ\u00eda El\u00e9ctrica (MPPEE) en aras de brindar mayor estabilidad al sistema.<\/p>\n\n\n\n<p><strong>Prensa MPPEE-CORPOELEC<\/strong><\/p>\n","protected":false},"excerpt":{"rendered":"<p>Estado Portuguesa.- En aras de fortalecer el transporte de la energ\u00eda, la clase trabajadora de la Corporaci\u00f3n El\u00e9ctrica Nacional (CORPOELEC),<\/p>\n","protected":false},"author":24,"featured_media":97222,"comment_status":"closed","ping_status":"closed","sticky":false,"template":"","format":"standard","meta":{"footnotes":""},"categories":[30],"tags":[2691,11,2725,2744,46],"class_list":["post-97221","post","type-post","status-publish","format-standard","has-post-thumbnail","hentry","category-regionales","tag-corpoelec","tag-mppee","tag-portuguesa","tag-sen","tag-venezuela"],"_links":{"self":[{"href":"https:\/\/mppee.gob.ve\/index.php?rest_route=\/wp\/v2\/posts\/97221","targetHints":{"allow":["GET"]}}],"collection":[{"href":"https:\/\/mppee.gob.ve\/index.php?rest_route=\/wp\/v2\/posts"}],"about":[{"href":"https:\/\/mppee.gob.ve\/index.php?rest_route=\/wp\/v2\/types\/post"}],"author":[{"embeddable":true,"href":"https:\/\/mppee.gob.ve\/index.php?rest_route=\/wp\/v2\/users\/24"}],"replies":[{"embeddable":true,"href":"https:\/\/mppee.gob.ve\/index.php?rest_route=%2Fwp%2Fv2%2Fcomments&post=97221"}],"version-history":[{"count":1,"href":"https:\/\/mppee.gob.ve\/index.php?rest_route=\/wp\/v2\/posts\/97221\/revisions"}],"predecessor-version":[{"id":97223,"href":"https:\/\/mppee.gob.ve\/index.php?rest_route=\/wp\/v2\/posts\/97221\/revisions\/97223"}],"wp:featuredmedia":[{"embeddable":true,"href":"https:\/\/mppee.gob.ve\/index.php?rest_route=\/wp\/v2\/media\/97222"}],"wp:attachment":[{"href":"https:\/\/mppee.gob.ve\/index.php?rest_route=%2Fwp%2Fv2%2Fmedia&parent=97221"}],"wp:term":[{"taxonomy":"category","embeddable":true,"href":"https:\/\/mppee.gob.ve\/index.php?rest_route=%2Fwp%2Fv2%2Fcategories&post=97221"},{"taxonomy":"post_tag","embeddable":true,"href":"https:\/\/mppee.gob.ve\/index.php?rest_route=%2Fwp%2Fv2%2Ftags&post=97221"}],"curies":[{"name":"wp","href":"https:\/\/api.w.org\/{rel}","templated":true}]}}