{"id":97305,"date":"2025-05-26T15:08:13","date_gmt":"2025-05-26T15:08:13","guid":{"rendered":"http:\/\/mppee.gob.ve\/?p=97305"},"modified":"2025-05-26T15:08:15","modified_gmt":"2025-05-26T15:08:15","slug":"usuarios-portuguesenos-se-benefician-con-jornadas-integrales","status":"publish","type":"post","link":"https:\/\/mppee.gob.ve\/?p=97305","title":{"rendered":"Usuarios portuguese\u00f1os se benefician con jornadas integrales"},"content":{"rendered":"\n<p><strong>Estado Portuguesa.-<\/strong> Desde este lunes 26 hasta el viernes 30 de mayo, la clase trabajadora de la Corporaci\u00f3n El\u00e9ctrica Nacional (CORPOELEC), se desplegar\u00e1 a trav\u00e9s de Jornadas Integrales de Atenci\u00f3n al Usuario en sectores del municipio Guanare en el estado Portuguesa.<\/p>\n\n\n\n<p>El personal estar\u00e1 a disposici\u00f3n de los usuarios desde las 9:00 de la ma\u00f1ana hasta la 1:00 de la tarde, para actualizar datos, pagar sus facturas, recibir notificaci\u00f3n de deuda y gestionar otros tr\u00e1mites relacionados con el servicio de energ\u00eda.<\/p>\n\n\n\n<p>La jornada se desarrollar\u00e1 en las comunidades de la parroquia Guanaguanare, en el siguiente cronograma:<\/p>\n\n\n\n<p>&#8211; Lunes 26 de mayo: Comunidad Villa Guanare.<\/p>\n\n\n\n<p>&#8211; Martes 27 de mayo: Comunidad Hato Modelo.<\/p>\n\n\n\n<p>&#8211; Mi\u00e9rcoles 28 de mayo: Comunidad Andr\u00e9s Eloy Blanco.<\/p>\n\n\n\n<p>&#8211; Jueves 29 de mayo: Comunidad Los Cortijos.<\/p>\n\n\n\n<p>&#8211; Viernes 30 de mayo: Comunidad Villa Valentina.<\/p>\n\n\n\n<p>Para mayor informaci\u00f3n sobre las Jornadas Integrales de Atenci\u00f3n al Usuario, pueden visitar la cuenta @corpoelecinfo en la red social Instagram.<\/p>\n\n\n\n<p><strong>Prensa MPPEE-CORPOELEC<\/strong><\/p>\n","protected":false},"excerpt":{"rendered":"<p>Estado Portuguesa.- Desde este lunes 26 hasta el viernes 30 de mayo, la clase trabajadora de la Corporaci\u00f3n El\u00e9ctrica Nacional<\/p>\n","protected":false},"author":24,"featured_media":96846,"comment_status":"closed","ping_status":"closed","sticky":false,"template":"","format":"standard","meta":{"footnotes":""},"categories":[30],"tags":[2691,2803,11,2725,2744,46],"class_list":["post-97305","post","type-post","status-publish","format-standard","has-post-thumbnail","hentry","category-regionales","tag-corpoelec","tag-jornada-de-atencion-al-usuario","tag-mppee","tag-portuguesa","tag-sen","tag-venezuela"],"_links":{"self":[{"href":"https:\/\/mppee.gob.ve\/index.php?rest_route=\/wp\/v2\/posts\/97305","targetHints":{"allow":["GET"]}}],"collection":[{"href":"https:\/\/mppee.gob.ve\/index.php?rest_route=\/wp\/v2\/posts"}],"about":[{"href":"https:\/\/mppee.gob.ve\/index.php?rest_route=\/wp\/v2\/types\/post"}],"author":[{"embeddable":true,"href":"https:\/\/mppee.gob.ve\/index.php?rest_route=\/wp\/v2\/users\/24"}],"replies":[{"embeddable":true,"href":"https:\/\/mppee.gob.ve\/index.php?rest_route=%2Fwp%2Fv2%2Fcomments&post=97305"}],"version-history":[{"count":1,"href":"https:\/\/mppee.gob.ve\/index.php?rest_route=\/wp\/v2\/posts\/97305\/revisions"}],"predecessor-version":[{"id":97306,"href":"https:\/\/mppee.gob.ve\/index.php?rest_route=\/wp\/v2\/posts\/97305\/revisions\/97306"}],"wp:featuredmedia":[{"embeddable":true,"href":"https:\/\/mppee.gob.ve\/index.php?rest_route=\/wp\/v2\/media\/96846"}],"wp:attachment":[{"href":"https:\/\/mppee.gob.ve\/index.php?rest_route=%2Fwp%2Fv2%2Fmedia&parent=97305"}],"wp:term":[{"taxonomy":"category","embeddable":true,"href":"https:\/\/mppee.gob.ve\/index.php?rest_route=%2Fwp%2Fv2%2Fcategories&post=97305"},{"taxonomy":"post_tag","embeddable":true,"href":"https:\/\/mppee.gob.ve\/index.php?rest_route=%2Fwp%2Fv2%2Ftags&post=97305"}],"curies":[{"name":"wp","href":"https:\/\/api.w.org\/{rel}","templated":true}]}}