{"id":97376,"date":"2025-05-28T18:42:04","date_gmt":"2025-05-28T18:42:04","guid":{"rendered":"http:\/\/mppee.gob.ve\/?p=97376"},"modified":"2025-05-28T18:42:30","modified_gmt":"2025-05-28T18:42:30","slug":"vicepresidente-cabello-denuncia-ataque-contra-subestacion-electrica-en-yaracuy","status":"publish","type":"post","link":"https:\/\/mppee.gob.ve\/?p=97376","title":{"rendered":"Vicepresidente Cabello denuncia ataque contra subestaci\u00f3n el\u00e9ctrica en Yaracuy"},"content":{"rendered":"\n<p><strong>San Bernardino, Caracas.- <\/strong>El vicepresidente sectorial de Pol\u00edtica, Seguridad Ciudadana y Paz, Diosdado Cabello, revel\u00f3 detalles de un plan sistem\u00e1tico que la derecha extremista pretend\u00eda ejecutar contra la infraestructura el\u00e9ctrica del pa\u00eds, como parte de las acciones terroristas a ejecutar para boicotear las elecciones regionales y legislativas del pasado 25 de mayo.<\/p>\n\n\n\n<p>\u201cYa como un acto de despecho decidieron atacar una subestaci\u00f3n el\u00e9ctrica en Yaracuy, en San Felipe\u201d, indic\u00f3 el tambi\u00e9n Ministro del Poder Popular para Interior, Justicia y Paz.<\/p>\n\n\n\n<p>Durante una conferencia de prensa realizada este 28 de mayo, Cabello se\u00f1al\u00f3 que grupos violentos, dirigidos por la extrema derecha, recurren a \u201cperiodistas, que no son periodistas sino que son palangristas, al servicio de la conspiraci\u00f3n\u201d, para posicionar ante los medios de comunicaci\u00f3n y las Redes Sociales una supuesta \u201cfalta de mantenimiento\u201d en las instalaciones del Sistema El\u00e9ctrico Nacional (SEN).<\/p>\n\n\n\n<p>Al respecto, alert\u00f3 que \u201ccuando vean que un palangrista diga \u2018falta de mantenimiento\u2019, eso es saboteo, es conspiraci\u00f3n, es la justificaci\u00f3n que ellos \u2013la extrema derecha- han tratado de usar siempre\u201d.<\/p>\n\n\n\n<p>El Vicepresidente Sectorial adem\u00e1s pormenoriz\u00f3 que los organismos de inteligencia y seguridad del Estado venezolano han neutralizado, en los \u00faltimos d\u00edas, cerca de 60 ataques a instalaciones petroleras del pa\u00eds.<\/p>\n\n\n\n<p>Finalmente, Cabello revalid\u00f3 la lucha incansable del Gobierno Bolivariano contra el terrorismo, en funci\u00f3n de garantizar la paz y la estabilidad de la Naci\u00f3n.<\/p>\n\n\n\n<p><strong>Prensa MPPEE-CORPOELEC \/ Mar\u00eda Eugenia Delgado<\/strong><\/p>\n","protected":false},"excerpt":{"rendered":"<p>San Bernardino, Caracas.- El vicepresidente sectorial de Pol\u00edtica, Seguridad Ciudadana y Paz, Diosdado Cabello, revel\u00f3 detalles de un plan sistem\u00e1tico<\/p>\n","protected":false},"author":24,"featured_media":97377,"comment_status":"closed","ping_status":"closed","sticky":false,"template":"","format":"standard","meta":{"footnotes":""},"categories":[15],"tags":[111,2691,11,2744,46],"class_list":["post-97376","post","type-post","status-publish","format-standard","has-post-thumbnail","hentry","category-nacionales","tag-caracas","tag-corpoelec","tag-mppee","tag-sen","tag-venezuela"],"_links":{"self":[{"href":"https:\/\/mppee.gob.ve\/index.php?rest_route=\/wp\/v2\/posts\/97376","targetHints":{"allow":["GET"]}}],"collection":[{"href":"https:\/\/mppee.gob.ve\/index.php?rest_route=\/wp\/v2\/posts"}],"about":[{"href":"https:\/\/mppee.gob.ve\/index.php?rest_route=\/wp\/v2\/types\/post"}],"author":[{"embeddable":true,"href":"https:\/\/mppee.gob.ve\/index.php?rest_route=\/wp\/v2\/users\/24"}],"replies":[{"embeddable":true,"href":"https:\/\/mppee.gob.ve\/index.php?rest_route=%2Fwp%2Fv2%2Fcomments&post=97376"}],"version-history":[{"count":1,"href":"https:\/\/mppee.gob.ve\/index.php?rest_route=\/wp\/v2\/posts\/97376\/revisions"}],"predecessor-version":[{"id":97378,"href":"https:\/\/mppee.gob.ve\/index.php?rest_route=\/wp\/v2\/posts\/97376\/revisions\/97378"}],"wp:featuredmedia":[{"embeddable":true,"href":"https:\/\/mppee.gob.ve\/index.php?rest_route=\/wp\/v2\/media\/97377"}],"wp:attachment":[{"href":"https:\/\/mppee.gob.ve\/index.php?rest_route=%2Fwp%2Fv2%2Fmedia&parent=97376"}],"wp:term":[{"taxonomy":"category","embeddable":true,"href":"https:\/\/mppee.gob.ve\/index.php?rest_route=%2Fwp%2Fv2%2Fcategories&post=97376"},{"taxonomy":"post_tag","embeddable":true,"href":"https:\/\/mppee.gob.ve\/index.php?rest_route=%2Fwp%2Fv2%2Ftags&post=97376"}],"curies":[{"name":"wp","href":"https:\/\/api.w.org\/{rel}","templated":true}]}}