{"id":97403,"date":"2025-05-29T14:57:19","date_gmt":"2025-05-29T14:57:19","guid":{"rendered":"http:\/\/mppee.gob.ve\/?p=97403"},"modified":"2025-05-29T14:57:21","modified_gmt":"2025-05-29T14:57:21","slug":"larenses-son-beneficiados-con-jornada-integral","status":"publish","type":"post","link":"https:\/\/mppee.gob.ve\/?p=97403","title":{"rendered":"Larenses son beneficiados con jornada integral"},"content":{"rendered":"\n<p><strong>Municipio Iribarren, estado Lara.- <\/strong>Con el objetivo de garantizar atenci\u00f3n a los usuarios residenciales y comerciales, la clase trabajadora de la Corporaci\u00f3n El\u00e9ctrica Nacional (CORPOELEC) realizar\u00e1 una jornada integral en el municipio Iribarren del estado Lara.<\/p>\n\n\n\n<p>La jornada se llevar\u00e1 a cabo este viernes 30 de mayo, en el horario comprendido desde las 09:00 de la ma\u00f1ana hasta las 02:00 de la tarde, en el Centro Comercial Los Cardones, adem\u00e1s atender\u00e1 a los habitantes de las urbanizaciones Los Naranjos, Flamingo y La Rosaleda, ubicadas al este de Barquisimeto.<\/p>\n\n\n\n<p>Durante esta jornada, los agentes comerciales ofrecer\u00e1n a los usuarios, orientaci\u00f3n sobre el pago de la factura del servicio el\u00e9ctrico, asesor\u00eda para el uso de la banca en l\u00ednea, registros y actualizaciones.<\/p>\n\n\n\n<p>Para mayor informaci\u00f3n sobre las Jornadas Integrales de Atenci\u00f3n al Usuario, consulta la cuenta oficial de CORPOELEC en Instagram: @corpoelecinfo.<\/p>\n\n\n\n<p><strong>Prensa MPPEE-CORPOELEC<\/strong><\/p>\n","protected":false},"excerpt":{"rendered":"<p>Municipio Iribarren, estado Lara.- Con el objetivo de garantizar atenci\u00f3n a los usuarios residenciales y comerciales, la clase trabajadora de<\/p>\n","protected":false},"author":24,"featured_media":96795,"comment_status":"closed","ping_status":"closed","sticky":false,"template":"","format":"standard","meta":{"footnotes":""},"categories":[30],"tags":[2691,2803,2690,11],"class_list":["post-97403","post","type-post","status-publish","format-standard","has-post-thumbnail","hentry","category-regionales","tag-corpoelec","tag-jornada-de-atencion-al-usuario","tag-lara","tag-mppee"],"_links":{"self":[{"href":"https:\/\/mppee.gob.ve\/index.php?rest_route=\/wp\/v2\/posts\/97403","targetHints":{"allow":["GET"]}}],"collection":[{"href":"https:\/\/mppee.gob.ve\/index.php?rest_route=\/wp\/v2\/posts"}],"about":[{"href":"https:\/\/mppee.gob.ve\/index.php?rest_route=\/wp\/v2\/types\/post"}],"author":[{"embeddable":true,"href":"https:\/\/mppee.gob.ve\/index.php?rest_route=\/wp\/v2\/users\/24"}],"replies":[{"embeddable":true,"href":"https:\/\/mppee.gob.ve\/index.php?rest_route=%2Fwp%2Fv2%2Fcomments&post=97403"}],"version-history":[{"count":1,"href":"https:\/\/mppee.gob.ve\/index.php?rest_route=\/wp\/v2\/posts\/97403\/revisions"}],"predecessor-version":[{"id":97404,"href":"https:\/\/mppee.gob.ve\/index.php?rest_route=\/wp\/v2\/posts\/97403\/revisions\/97404"}],"wp:featuredmedia":[{"embeddable":true,"href":"https:\/\/mppee.gob.ve\/index.php?rest_route=\/wp\/v2\/media\/96795"}],"wp:attachment":[{"href":"https:\/\/mppee.gob.ve\/index.php?rest_route=%2Fwp%2Fv2%2Fmedia&parent=97403"}],"wp:term":[{"taxonomy":"category","embeddable":true,"href":"https:\/\/mppee.gob.ve\/index.php?rest_route=%2Fwp%2Fv2%2Fcategories&post=97403"},{"taxonomy":"post_tag","embeddable":true,"href":"https:\/\/mppee.gob.ve\/index.php?rest_route=%2Fwp%2Fv2%2Ftags&post=97403"}],"curies":[{"name":"wp","href":"https:\/\/api.w.org\/{rel}","templated":true}]}}