{"id":97453,"date":"2025-05-30T20:46:34","date_gmt":"2025-05-30T20:46:34","guid":{"rendered":"http:\/\/mppee.gob.ve\/?p=97453"},"modified":"2025-05-30T20:46:37","modified_gmt":"2025-05-30T20:46:37","slug":"usuarios-guariquenos-se-benefician-con-jornada-integral","status":"publish","type":"post","link":"https:\/\/mppee.gob.ve\/?p=97453","title":{"rendered":"Usuarios guarique\u00f1os se benefician con jornada integral"},"content":{"rendered":"\n<p><strong>Estado Gu\u00e1rico.- <\/strong>La clase trabajadora de la Corporaci\u00f3n El\u00e9ctrica Nacional (CORPOELEC) se desplegar\u00e1, este s\u00e1bado 31 de mayo, en el municipio Juan Germ\u00e1n Roscio del estado Gu\u00e1rico, para brindar Jornadas Integrales de Atenci\u00f3n al Usuario.<\/p>\n\n\n\n<p>En este sentido, los usuarios podr\u00e1n realizar el pago de facturas del servicio el\u00e9ctrico, recibir asesor\u00eda personalizada, actualizaci\u00f3n de datos y gestionar sus tr\u00e1mites relacionados con el servicio de energ\u00eda.<\/p>\n\n\n\n<p>El despliegue se efectuar\u00e1 en las comunidades Tropical I y II, Los Placeres y Los Morritos de la parroquia San Juan de los Morros, en un horario comprendido desde las 8:00 de la ma\u00f1ana hasta las 01:00 de la tarde.<\/p>\n\n\n\n<p>Para mayor informaci\u00f3n sobre las Jornadas Integrales de Atenci\u00f3n al Usuario, puede visitar la cuenta oficial de la red social de Instagram @corpoelecinfo.<\/p>\n\n\n\n<p><strong>Prensa MPPEE-CORPOELEC<\/strong><\/p>\n\n\n\n<p><\/p>\n","protected":false},"excerpt":{"rendered":"<p>Estado Gu\u00e1rico.- La clase trabajadora de la Corporaci\u00f3n El\u00e9ctrica Nacional (CORPOELEC) se desplegar\u00e1, este s\u00e1bado 31 de mayo, en el<\/p>\n","protected":false},"author":24,"featured_media":96846,"comment_status":"closed","ping_status":"closed","sticky":false,"template":"","format":"standard","meta":{"footnotes":""},"categories":[30],"tags":[2691,2729,2803,11,2744,46],"class_list":["post-97453","post","type-post","status-publish","format-standard","has-post-thumbnail","hentry","category-regionales","tag-corpoelec","tag-guarico","tag-jornada-de-atencion-al-usuario","tag-mppee","tag-sen","tag-venezuela"],"_links":{"self":[{"href":"https:\/\/mppee.gob.ve\/index.php?rest_route=\/wp\/v2\/posts\/97453","targetHints":{"allow":["GET"]}}],"collection":[{"href":"https:\/\/mppee.gob.ve\/index.php?rest_route=\/wp\/v2\/posts"}],"about":[{"href":"https:\/\/mppee.gob.ve\/index.php?rest_route=\/wp\/v2\/types\/post"}],"author":[{"embeddable":true,"href":"https:\/\/mppee.gob.ve\/index.php?rest_route=\/wp\/v2\/users\/24"}],"replies":[{"embeddable":true,"href":"https:\/\/mppee.gob.ve\/index.php?rest_route=%2Fwp%2Fv2%2Fcomments&post=97453"}],"version-history":[{"count":1,"href":"https:\/\/mppee.gob.ve\/index.php?rest_route=\/wp\/v2\/posts\/97453\/revisions"}],"predecessor-version":[{"id":97454,"href":"https:\/\/mppee.gob.ve\/index.php?rest_route=\/wp\/v2\/posts\/97453\/revisions\/97454"}],"wp:featuredmedia":[{"embeddable":true,"href":"https:\/\/mppee.gob.ve\/index.php?rest_route=\/wp\/v2\/media\/96846"}],"wp:attachment":[{"href":"https:\/\/mppee.gob.ve\/index.php?rest_route=%2Fwp%2Fv2%2Fmedia&parent=97453"}],"wp:term":[{"taxonomy":"category","embeddable":true,"href":"https:\/\/mppee.gob.ve\/index.php?rest_route=%2Fwp%2Fv2%2Fcategories&post=97453"},{"taxonomy":"post_tag","embeddable":true,"href":"https:\/\/mppee.gob.ve\/index.php?rest_route=%2Fwp%2Fv2%2Ftags&post=97453"}],"curies":[{"name":"wp","href":"https:\/\/api.w.org\/{rel}","templated":true}]}}