{"id":97532,"date":"2025-06-03T22:05:20","date_gmt":"2025-06-03T22:05:20","guid":{"rendered":"http:\/\/mppee.gob.ve\/?p=97532"},"modified":"2025-06-03T22:06:59","modified_gmt":"2025-06-03T22:06:59","slug":"ministro-marquez-supervisa-trabajos-en-planta-termoelectrica-antonio-jose-de-sucre","status":"publish","type":"post","link":"https:\/\/mppee.gob.ve\/?p=97532","title":{"rendered":"Ministro M\u00e1rquez supervisa trabajos en Planta Termoel\u00e9ctrica \u201cAntonio Jos\u00e9 de Sucre\u201d"},"content":{"rendered":"\n<p><strong>Cuman\u00e1, estado Sucre.- <\/strong>Como parte de las acciones que adelanta el Gobierno Bolivariano para atender las infraestructuras que integran el Sistema El\u00e9ctrico Nacional (SEN), el ministro del Poder Popular para la Energ\u00eda El\u00e9ctrica, Jorge M\u00e1rquez, inspeccion\u00f3 la Planta Termoel\u00e9ctrica \u201cAntonio Jos\u00e9 de Sucre\u201d, ubicada en Cuman\u00e1, estado Sucre.<\/p>\n\n\n\n<p>En su paso por la entidad oriental, M\u00e1rquez, supervis\u00f3 el mantenimiento tipo B en la Unidad 1 que se lleva a cabo en la instalaci\u00f3n el\u00e9ctrica, en aras de garantizar la operatividad y suministro de energ\u00eda en las comunidades del estado.<\/p>\n\n\n\n<p>Con la puesta en funcionamiento de esta unidad, se incorporan al sistema interconectado 120 megavatios, los cuales fortalecen el servicio ofrecido a los estados Sucre, Nueva Esparta, Monagas y Anzo\u00e1tegui.<\/p>\n\n\n\n<p>Acompa\u00f1ado del presidente de la Corporaci\u00f3n El\u00e9ctrica Nacional (CORPOELEC), Jos\u00e9 Luis Betancourt, el tambi\u00e9n Vicepresidente Sectorial de Obras P\u00fablicas y Servicios, convers\u00f3 con los trabajadores para afinar estrategias de trabajo que tributen a garantizar el funcionamiento de los equipos, as\u00ed como tambi\u00e9n conocer de primera mano las necesidades de la clase obrera.<\/p>\n\n\n\n<p>Siguiendo instrucciones del presidente de la Rep\u00fablica, Nicol\u00e1s Maduro, el titular de la cartera de Energ\u00eda El\u00e9ctrica, contin\u00faa con las inspecciones en las instalaciones del SEN, para garantizar el cumplimiento de los procesos de generaci\u00f3n y suministro de energ\u00eda en las comunidades del pa\u00eds.<\/p>\n\n\n\n<p><strong>Prensa MPPEE-CORPOELEC \/ Joelin Jim\u00e9nez<\/strong><\/p>\n","protected":false},"excerpt":{"rendered":"<p>Cuman\u00e1, estado Sucre.- Como parte de las acciones que adelanta el Gobierno Bolivariano para atender las infraestructuras que integran el<\/p>\n","protected":false},"author":24,"featured_media":97535,"comment_status":"closed","ping_status":"closed","sticky":false,"template":"","format":"standard","meta":{"footnotes":""},"categories":[15],"tags":[2691,11,2744,2693,46],"class_list":["post-97532","post","type-post","status-publish","format-standard","has-post-thumbnail","hentry","category-nacionales","tag-corpoelec","tag-mppee","tag-sen","tag-sucre","tag-venezuela"],"_links":{"self":[{"href":"https:\/\/mppee.gob.ve\/index.php?rest_route=\/wp\/v2\/posts\/97532","targetHints":{"allow":["GET"]}}],"collection":[{"href":"https:\/\/mppee.gob.ve\/index.php?rest_route=\/wp\/v2\/posts"}],"about":[{"href":"https:\/\/mppee.gob.ve\/index.php?rest_route=\/wp\/v2\/types\/post"}],"author":[{"embeddable":true,"href":"https:\/\/mppee.gob.ve\/index.php?rest_route=\/wp\/v2\/users\/24"}],"replies":[{"embeddable":true,"href":"https:\/\/mppee.gob.ve\/index.php?rest_route=%2Fwp%2Fv2%2Fcomments&post=97532"}],"version-history":[{"count":1,"href":"https:\/\/mppee.gob.ve\/index.php?rest_route=\/wp\/v2\/posts\/97532\/revisions"}],"predecessor-version":[{"id":97534,"href":"https:\/\/mppee.gob.ve\/index.php?rest_route=\/wp\/v2\/posts\/97532\/revisions\/97534"}],"wp:featuredmedia":[{"embeddable":true,"href":"https:\/\/mppee.gob.ve\/index.php?rest_route=\/wp\/v2\/media\/97535"}],"wp:attachment":[{"href":"https:\/\/mppee.gob.ve\/index.php?rest_route=%2Fwp%2Fv2%2Fmedia&parent=97532"}],"wp:term":[{"taxonomy":"category","embeddable":true,"href":"https:\/\/mppee.gob.ve\/index.php?rest_route=%2Fwp%2Fv2%2Fcategories&post=97532"},{"taxonomy":"post_tag","embeddable":true,"href":"https:\/\/mppee.gob.ve\/index.php?rest_route=%2Fwp%2Fv2%2Ftags&post=97532"}],"curies":[{"name":"wp","href":"https:\/\/api.w.org\/{rel}","templated":true}]}}