{"id":97580,"date":"2025-06-05T16:05:11","date_gmt":"2025-06-05T16:05:11","guid":{"rendered":"http:\/\/mppee.gob.ve\/?p=97580"},"modified":"2025-06-05T16:05:13","modified_gmt":"2025-06-05T16:05:13","slug":"usuarios-tachirenses-recibiran-atencion-personalizada-en-jornadas-integrales","status":"publish","type":"post","link":"https:\/\/mppee.gob.ve\/?p=97580","title":{"rendered":"Usuarios tachirenses recibir\u00e1n atenci\u00f3n personalizada en jornadas integrales"},"content":{"rendered":"\n<p><strong>Estado T\u00e1chira.-<\/strong> La clase trabajadora de la Corporaci\u00f3n El\u00e9ctrica Nacional (CORPOELEC), se desplegar\u00e1 el jueves 05 y viernes 06 de\u00a0 junio en municipios del estado T\u00e1chira, con el fin de brindar a los usuarios residenciales y comerciales la asesor\u00eda necesaria para solventar los tr\u00e1mites relacionados con el servicio de energ\u00eda.<\/p>\n\n\n\n<p>Con estas jornadas, el personal ubicado en los Centros Integrales de Atenci\u00f3n al Usuario (CIAU), permitir\u00e1n a los usuarios tachirenses realizar actualizaci\u00f3n de datos, notificaci\u00f3n de deuda, recepci\u00f3n de reclamos, verificaci\u00f3n de conexiones, asesor\u00eda de pago por Banca en L\u00ednea y pago de factura bajo la modalidad de puntos de venta.<\/p>\n\n\n\n<p>Los agentes comerciales estar\u00e1n a disposici\u00f3n de los usuarios en horario comprendido desde las 08:00 de la ma\u00f1ana hasta las 04:00 de la tarde, en los siguientes municipios:<\/p>\n\n\n\n<p>&#8211; Garc\u00eda de Hevia: Barrio Primero de Mayo, carreras 10 y 11 de La Fr\u00eda.<\/p>\n\n\n\n<p>&#8211; C\u00f3rdoba: sectores El Cafetal II y Casco Central de Santa Ana.<\/p>\n\n\n\n<p>&#8211; Bol\u00edvar: Barrio Pueblo Nuevo y La Popa de San Antonio.<\/p>\n\n\n\n<p>&#8211; Uribante: Sectores La Barranca y Llano de Pregonero.<\/p>\n\n\n\n<p>&#8211; Pedro Mar\u00eda Ure\u00f1a: Sectores Plaza Vieja y La Peza de Ure\u00f1a.<\/p>\n\n\n\n<p>&#8211; Fern\u00e1ndez Feo: Urbanizaci\u00f3n Morichito y Altos de Ayar\u00ed de El Pi\u00f1al.<\/p>\n\n\n\n<p>&#8211; J\u00e1uregui: Sectores Las Quebraditas y El Surural de La Grita.<\/p>\n\n\n\n<p>&#8211; Libertador: Guayanito, Abejales y Troncal 5 de Abejales.<\/p>\n\n\n\n<p>&#8211; Ayacucho: Sectores P\u00e9rez de Toloza y calle El Parque de Col\u00f3n.<\/p>\n\n\n\n<p>&#8211; San Crist\u00f3bal:&nbsp; Centro C\u00edvico, avenida Lucio Oquendo, Madre Juana, avenida 19 de Abril, Centro Comercial El Este, Urbanizaci\u00f3n M\u00e9rida, Barrio Sucre, carreras 2 y 3 de San Crist\u00f3bal.<\/p>\n\n\n\n<p>&#8211; Panamericano: La Palmita y R\u00edo Chiquito de Coloncito.<\/p>\n\n\n\n<p>&#8211; Independencia: Sectores El Llanito y Rancher\u00edas de Capacho Nuevo.<\/p>\n\n\n\n<p>&#8211; Rafael Urdaneta: Sector El Reposo y Puente Alianza de Delicias.<\/p>\n\n\n\n<p>&#8211; Jun\u00edn: Sectores La Colonia y La Victoria de Rubio.<\/p>\n\n\n\n<p>&#8211; C\u00e1rdenas: Sectores Llanitos y Lomas Blancas de T\u00e1riba.<\/p>\n\n\n\n<p>Para mayor informaci\u00f3n sobre las Jornadas Integrales de Atenci\u00f3n al Usuario, pueden visitar la cuenta @corpoelecinfo en la red social Instagram.<\/p>\n\n\n\n<p><strong>Prensa MPPEE-CORPOELEC<\/strong><\/p>\n","protected":false},"excerpt":{"rendered":"<p>Estado T\u00e1chira.- La clase trabajadora de la Corporaci\u00f3n El\u00e9ctrica Nacional (CORPOELEC), se desplegar\u00e1 el jueves 05 y viernes 06 de\u00a0<\/p>\n","protected":false},"author":24,"featured_media":96861,"comment_status":"closed","ping_status":"closed","sticky":false,"template":"","format":"standard","meta":{"footnotes":""},"categories":[30],"tags":[2691,2803,11,2744,2700,46],"class_list":["post-97580","post","type-post","status-publish","format-standard","has-post-thumbnail","hentry","category-regionales","tag-corpoelec","tag-jornada-de-atencion-al-usuario","tag-mppee","tag-sen","tag-tachira","tag-venezuela"],"_links":{"self":[{"href":"https:\/\/mppee.gob.ve\/index.php?rest_route=\/wp\/v2\/posts\/97580","targetHints":{"allow":["GET"]}}],"collection":[{"href":"https:\/\/mppee.gob.ve\/index.php?rest_route=\/wp\/v2\/posts"}],"about":[{"href":"https:\/\/mppee.gob.ve\/index.php?rest_route=\/wp\/v2\/types\/post"}],"author":[{"embeddable":true,"href":"https:\/\/mppee.gob.ve\/index.php?rest_route=\/wp\/v2\/users\/24"}],"replies":[{"embeddable":true,"href":"https:\/\/mppee.gob.ve\/index.php?rest_route=%2Fwp%2Fv2%2Fcomments&post=97580"}],"version-history":[{"count":1,"href":"https:\/\/mppee.gob.ve\/index.php?rest_route=\/wp\/v2\/posts\/97580\/revisions"}],"predecessor-version":[{"id":97581,"href":"https:\/\/mppee.gob.ve\/index.php?rest_route=\/wp\/v2\/posts\/97580\/revisions\/97581"}],"wp:featuredmedia":[{"embeddable":true,"href":"https:\/\/mppee.gob.ve\/index.php?rest_route=\/wp\/v2\/media\/96861"}],"wp:attachment":[{"href":"https:\/\/mppee.gob.ve\/index.php?rest_route=%2Fwp%2Fv2%2Fmedia&parent=97580"}],"wp:term":[{"taxonomy":"category","embeddable":true,"href":"https:\/\/mppee.gob.ve\/index.php?rest_route=%2Fwp%2Fv2%2Fcategories&post=97580"},{"taxonomy":"post_tag","embeddable":true,"href":"https:\/\/mppee.gob.ve\/index.php?rest_route=%2Fwp%2Fv2%2Ftags&post=97580"}],"curies":[{"name":"wp","href":"https:\/\/api.w.org\/{rel}","templated":true}]}}