{"id":97612,"date":"2025-06-06T15:27:01","date_gmt":"2025-06-06T15:27:01","guid":{"rendered":"http:\/\/mppee.gob.ve\/?p=97612"},"modified":"2025-06-06T15:27:03","modified_gmt":"2025-06-06T15:27:03","slug":"corpoelec-realizara-jornadas-de-atencion-al-usuario-en-cojedes","status":"publish","type":"post","link":"https:\/\/mppee.gob.ve\/?p=97612","title":{"rendered":"CORPOELEC realizar\u00e1 Jornadas de Atenci\u00f3n al Usuario en Cojedes"},"content":{"rendered":"\n<p><strong>Estado Cojedes.- <\/strong>Este s\u00e1bado 07 de junio, la clase trabajadora de la Corporaci\u00f3n El\u00e9ctrica Nacional (CORPOELEC) se desplegar\u00e1 a trav\u00e9s de Jornadas Integrales de Atenci\u00f3n al Usuario en los municipios Tinaco, Tinaquillo, Girardot y Ezequiel Zamora del estado Cojedes.<\/p>\n\n\n\n<p>El personal de CORPOELEC brindar\u00e1 a los cojede\u00f1os la asesor\u00eda necesaria para tr\u00e1mites relacionados con el servicio de energ\u00eda, actualizaci\u00f3n de datos, notificaci\u00f3n de deudas, pago de facturas, recepci\u00f3n de reclamos y la orientaci\u00f3n sobre los canales de cancelaci\u00f3n en l\u00ednea que brinda la instituci\u00f3n.<\/p>\n\n\n\n<p>Los stands estar\u00e1n disponibles desde las 8:00 de la ma\u00f1ana hasta las 12:00 del mediod\u00eda en las siguientes direcciones:<\/p>\n\n\n\n<p>&#8211; Conjunto Residencial Camino Real, parroquia San Carlos de Austria, municipio Ezequiel Zamora.<\/p>\n\n\n\n<p>&#8211; Sector Buenos Aires, parroquia Tinaquillo, municipio Tinaquillo.<\/p>\n\n\n\n<p>&#8211; Sector Topo, parroquia Jos\u00e9 Laurencio Silva, municipio Tinaco.<\/p>\n\n\n\n<p>&#8211; Sector Pueblo Abajo, entre calles P\u00e1ez y Girardot, parroquia El Ba\u00fal, municipio Girardot.<\/p>\n\n\n\n<p>Para obtener m\u00e1s informaci\u00f3n sobre estas Jornadas Integrales de Atenci\u00f3n al Usuario, los interesados pueden seguir la cuenta @corpoelecinfo en Instagram.<\/p>\n\n\n\n<p><strong>Prensa MPPEE-CORPOELEC<\/strong> <\/p>\n\n\n\n<p><\/p>\n","protected":false},"excerpt":{"rendered":"<p>Estado Cojedes.- Este s\u00e1bado 07 de junio, la clase trabajadora de la Corporaci\u00f3n El\u00e9ctrica Nacional (CORPOELEC) se desplegar\u00e1 a trav\u00e9s<\/p>\n","protected":false},"author":24,"featured_media":96795,"comment_status":"closed","ping_status":"closed","sticky":false,"template":"","format":"standard","meta":{"footnotes":""},"categories":[30],"tags":[2710,2691,2803,11,2744,46],"class_list":["post-97612","post","type-post","status-publish","format-standard","has-post-thumbnail","hentry","category-regionales","tag-cojedes","tag-corpoelec","tag-jornada-de-atencion-al-usuario","tag-mppee","tag-sen","tag-venezuela"],"_links":{"self":[{"href":"https:\/\/mppee.gob.ve\/index.php?rest_route=\/wp\/v2\/posts\/97612","targetHints":{"allow":["GET"]}}],"collection":[{"href":"https:\/\/mppee.gob.ve\/index.php?rest_route=\/wp\/v2\/posts"}],"about":[{"href":"https:\/\/mppee.gob.ve\/index.php?rest_route=\/wp\/v2\/types\/post"}],"author":[{"embeddable":true,"href":"https:\/\/mppee.gob.ve\/index.php?rest_route=\/wp\/v2\/users\/24"}],"replies":[{"embeddable":true,"href":"https:\/\/mppee.gob.ve\/index.php?rest_route=%2Fwp%2Fv2%2Fcomments&post=97612"}],"version-history":[{"count":1,"href":"https:\/\/mppee.gob.ve\/index.php?rest_route=\/wp\/v2\/posts\/97612\/revisions"}],"predecessor-version":[{"id":97613,"href":"https:\/\/mppee.gob.ve\/index.php?rest_route=\/wp\/v2\/posts\/97612\/revisions\/97613"}],"wp:featuredmedia":[{"embeddable":true,"href":"https:\/\/mppee.gob.ve\/index.php?rest_route=\/wp\/v2\/media\/96795"}],"wp:attachment":[{"href":"https:\/\/mppee.gob.ve\/index.php?rest_route=%2Fwp%2Fv2%2Fmedia&parent=97612"}],"wp:term":[{"taxonomy":"category","embeddable":true,"href":"https:\/\/mppee.gob.ve\/index.php?rest_route=%2Fwp%2Fv2%2Fcategories&post=97612"},{"taxonomy":"post_tag","embeddable":true,"href":"https:\/\/mppee.gob.ve\/index.php?rest_route=%2Fwp%2Fv2%2Ftags&post=97612"}],"curies":[{"name":"wp","href":"https:\/\/api.w.org\/{rel}","templated":true}]}}